{"id":278200,"date":"2025-08-18T08:28:26","date_gmt":"2025-08-18T06:28:26","guid":{"rendered":"https:\/\/www.compasshrg.com\/?p=278200"},"modified":"2025-10-21T17:47:01","modified_gmt":"2025-10-21T15:47:01","slug":"syksy-tuo-valoa-tyomarkkinoille","status":"publish","type":"post","link":"https:\/\/www.compasshrg.com\/fi\/blog\/syksy-tuo-valoa-tyomarkkinoille\/","title":{"rendered":"Syksy tuo valoa ty\u00f6markkinoille \u2013 n\u00e4kymi\u00e4 suorahakukonsultin silmin"},"content":{"rendered":"<p>[et_pb_section fb_built=&#8221;1&#8243; _builder_version=&#8221;4.16&#8243; locked=&#8221;off&#8221; global_colors_info=&#8221;{}&#8221;][et_pb_row _builder_version=&#8221;4.16&#8243; background_size=&#8221;initial&#8221; background_position=&#8221;top_left&#8221; background_repeat=&#8221;repeat&#8221; global_colors_info=&#8221;{}&#8221;][et_pb_column type=&#8221;4_4&#8243; _builder_version=&#8221;4.16&#8243; custom_padding=&#8221;|||&#8221; global_colors_info=&#8221;{}&#8221; custom_padding__hover=&#8221;|||&#8221;][et_pb_text _builder_version=&#8221;4.16&#8243; background_size=&#8221;initial&#8221; background_position=&#8221;top_left&#8221; background_repeat=&#8221;repeat&#8221; global_colors_info=&#8221;{}&#8221;][\/et_pb_text][et_pb_text _builder_version=&#8221;4.16&#8243; background_size=&#8221;initial&#8221; background_position=&#8221;top_left&#8221; background_repeat=&#8221;repeat&#8221; global_colors_info=&#8221;{}&#8221;]<\/p>\n<p><span>Usealla toimialalla yritykset ovat pitk\u00e4n varovaisuuden j\u00e4lkeen ryhtyneet taas aktiivisemmin etsim\u00e4\u00e4n osaajia, ja ty\u00f6tarjouksia liikkuu nyt entist\u00e4 enemm\u00e4n. Hakijat saavat j\u00e4lleen useampia vaihtoehtoja p\u00f6yd\u00e4lleen \u2013 mik\u00e4 kertonee siit\u00e4, ett\u00e4 luottamus tulevaan on ainakin osittain palautumassa.<\/span><\/p>\n<p>[\/et_pb_text][et_pb_text _builder_version=&#8221;4.16&#8243; background_size=&#8221;initial&#8221; background_position=&#8221;top_left&#8221; background_repeat=&#8221;repeat&#8221; global_colors_info=&#8221;{}&#8221;]<\/p>\n<h3><span>Yleinen ty\u00f6markkinakehitys vuonna 2025 \u2013 suunta on yl\u00f6sp\u00e4in<\/span><\/h3>\n<p>Vuoden 2025 ty\u00f6markkinakehitys on ollut kaksijakoinen. Alkuvuodesta n\u00e4htiin irtisanomisia ja rekrytointijarruja, mutta kes\u00e4n j\u00e4lkeen tilanne on k\u00e4\u00e4ntynyt. Talouden ep\u00e4varmuus ei ole poistunut, mutta yritysten strategiat ovat selv\u00e4sti muuttumassa \u2013 panostetaan enemm\u00e4n kasvuun, investointeihin ja ennen kaikkea oikeanlaisen osaamisen hankintaan.<\/p>\n<p>Digitalisaation ja vihre\u00e4n siirtym\u00e4n edetess\u00e4 osaamisvaatimukset muuttuvat, ja t\u00e4m\u00e4 n\u00e4kyy my\u00f6s haettavissa profiileissa. Kasvava tarve on erityisesti teknologia- ja projektiosaajille, mutta my\u00f6s asiantuntija- ja johtotason teht\u00e4viin etsit\u00e4\u00e4n nyt enemm\u00e4n aktiivisesti tekij\u00f6it\u00e4.<\/p>\n<p>[\/et_pb_text][et_pb_text _builder_version=&#8221;4.16&#8243; background_size=&#8221;initial&#8221; background_position=&#8221;top_left&#8221; background_repeat=&#8221;repeat&#8221; global_colors_info=&#8221;{}&#8221;]<\/p>\n<h3><span>Patoutuneet vaihtohalut liikkeelle \u2013 kierto alkaa taas toimia<\/span><\/h3>\n<p>Yksi kiinnostava ilmi\u00f6 on ty\u00f6ntekij\u00f6iden pitk\u00e4\u00e4n jatkuneiden vaihtohalujen &#8221;purkautuminen&#8221;. Monissa organisaatioissa on viime vuosina ollut n\u00e4ht\u00e4viss\u00e4 hiljaista tyytym\u00e4tt\u00f6myytt\u00e4, mutta koska vaihtoehtoja on ollut v\u00e4h\u00e4n, liikkumista ei ole tapahtunut. Kun ty\u00f6paikkoja ei ole ollut tarjolla, on my\u00f6s normaali ty\u00f6markkinakierto pys\u00e4htynyt.<\/p>\n<p>Nyt kun markkina alkaa j\u00e4lleen aktivoitua, syntyy t\u00e4t\u00e4 kautta uusia mahdollisuuksia: kun yksi l\u00e4htee, tilalle tarvitaan toinen. N\u00e4in k\u00e4ynnistyy liikehdint\u00e4, joka ruokkii itse itse\u00e4\u00e4n \u2013 ja lis\u00e4\u00e4 avoimien paikkojen m\u00e4\u00e4r\u00e4\u00e4 merkitt\u00e4v\u00e4sti.<\/p>\n<p>[\/et_pb_text][et_pb_text _builder_version=&#8221;4.16&#8243; background_size=&#8221;initial&#8221; background_position=&#8221;top_left&#8221; background_repeat=&#8221;repeat&#8221; custom_padding=&#8221;0px|||||&#8221; global_colors_info=&#8221;{}&#8221;]<\/p>\n<h3><span>Puolustusteollisuuden kotimainen kehitys on ollut eritt\u00e4in my\u00f6nteist\u00e4<\/span><\/h3>\n<p>Puolustusteollisuus Suomessa on selke\u00e4sti kasvuvaiheessa, jota ohjaavat kansallinen turvallisuuspolitiikka, NATO-j\u00e4senyys ja kansainv\u00e4linen kysynt\u00e4.<\/p>\n<p>Erityisesti korkean teknologian, rakentamisen ja dual-use-teknologioiden osaajista on korkea tarve. Vuonna 2023 PIA-ryhm\u00e4n (Puolustus- ja Ilmailuteollisuus) j\u00e4senyritysten liikevaihto kasvoi 23\u202f% ja ty\u00f6paikkam\u00e4\u00e4r\u00e4 oli jo noin 10\u202f100 Suomessa. Tesi on kartoituksessaan tunnistanut 368 puolustusteollisuuden yrityst\u00e4, joista noin 144 on selv\u00e4sti kasvavia, painottuen erityisesti dual-use-teknologioihin ja korkeateknologiaan.<\/p>\n<p>T\u00e4m\u00e4 merkitsee selke\u00e4sti kasvavaa ty\u00f6voimatarvetta etenkin teknologiateollisuudessa, tutkimus- ja kehityksen teht\u00e4viss\u00e4 sek\u00e4 dual-use-ratkaisuissa.<\/p>\n<ul><\/ul>\n<p>[\/et_pb_text][et_pb_text _builder_version=&#8221;4.16&#8243; background_size=&#8221;initial&#8221; background_position=&#8221;top_left&#8221; background_repeat=&#8221;repeat&#8221; custom_padding=&#8221;0px|||||&#8221; global_colors_info=&#8221;{}&#8221;]<\/p>\n<h3><span>Rakennusalalla varovaisia elpymisen merkkej\u00e4<\/span><\/h3>\n<p><span>Toinen positiivinen signaali tulee rakennusalalta, joka on ollut viime vuodet kovassa paineessa. Nyt on kuitenkin n\u00e4ht\u00e4viss\u00e4 pieni\u00e4 elpymisen merkkej\u00e4: joissakin projekteissa rekrytoinnit ovat j\u00e4lleen k\u00e4ynniss\u00e4, ja yritykset ennakoivat tulevaa kysynt\u00e4\u00e4 varovaisen optimistisesti. Vaikka puhutaan viel\u00e4 yksitt\u00e4istapauksista, ne lienev\u00e4t alkusoittoa laajemmalle toipumiselle. Rakennusalan orastava elpyminen ei ole vain yksitt\u00e4isen toimialan piristymist\u00e4, vaan se on laajempi signaali siit\u00e4, ett\u00e4 yhteiskunnan luottamus tulevaan on palautumassa.<\/span><\/p>\n<p>[\/et_pb_text][et_pb_text _builder_version=&#8221;4.16&#8243; background_size=&#8221;initial&#8221; background_position=&#8221;top_left&#8221; background_repeat=&#8221;repeat&#8221; custom_padding=&#8221;0px|||||&#8221; global_colors_info=&#8221;{}&#8221;]<\/p>\n<h3><span>Hakijoille nyt hyv\u00e4 aika tarkastella uusia mahdollisuuksia<\/span><\/h3>\n<p>Monelle ty\u00f6nhakijalle tai uranvaihtoa harkitsevalle syksy 2025 saattaa olla k\u00e4\u00e4nteentekev\u00e4 ajankohta. Markkinoilla on liikett\u00e4 \u2013 ei pelk\u00e4st\u00e4\u00e4n avoimien paikkojen m\u00e4\u00e4r\u00e4ss\u00e4, vaan my\u00f6s ty\u00f6nantajien suhtautumisessa. Rekrytointeja ei en\u00e4\u00e4 tehd\u00e4 vain &#8221;pakosta&#8221;, vaan tulevaisuutta silm\u00e4ll\u00e4 pit\u00e4en.<\/p>\n<p>Suorahakukonsulttina kannustan seuraamaan tilannetta avoimin silmin. Vaikka takana on taloudellisesti raskaita vuosia, nyt ollaan toivottavasti menossa parempaan suuntaan. Jos olet pohtinut urasi seuraavaa siirtoa, nyt voi olla oikea hetki ottaa ensimm\u00e4inen askel.<\/p>\n<p>[\/et_pb_text][et_pb_text _builder_version=&#8221;4.16&#8243; background_size=&#8221;initial&#8221; background_position=&#8221;top_left&#8221; background_repeat=&#8221;repeat&#8221; custom_padding=&#8221;0px|||||&#8221; global_colors_info=&#8221;{}&#8221;][\/et_pb_text][et_pb_cta button_url=&#8221;https:\/\/www.compasshrg.com\/fi\/rekrytointi\/&#8221; button_text=&#8221;Tutustu Compass HR Groupin palveluihin ja l\u00f6yd\u00e4 tulevaisuuden osaajasi&#8221; _builder_version=&#8221;4.27.4&#8243; _module_preset=&#8221;default&#8221; header_text_align=&#8221;left&#8221; body_text_color=&#8221;#FFFFFF&#8221; background_color=&#8221;RGBA(255,255,255,0)&#8221; custom_button=&#8221;on&#8221; button_text_color=&#8221;#FFFFFF&#8221; background_layout=&#8221;light&#8221; min_height=&#8221;157px&#8221; global_colors_info=&#8221;{}&#8221;][\/et_pb_cta][\/et_pb_column][\/et_pb_row][\/et_pb_section]<\/p>\n","protected":false},"excerpt":{"rendered":"<p>Vuosi 2025 on ollut Suomessa edelleen taloudellisesti haastava, mutta samalla ty\u00f6markkinoilla on alkanut n\u00e4ky\u00e4 pitk\u00e4\u00e4n odotettuja piristymisen merkkej\u00e4. Suorahakukonsulttina seuraan ty\u00f6el\u00e4m\u00e4n trendej\u00e4 p\u00e4ivitt\u00e4in ja nyt n\u00e4ytt\u00e4\u00e4 silt\u00e4, ett\u00e4 syksyst\u00e4 tulisi kiireisempi kuin pitk\u00e4\u00e4n aikaan.<\/p>\n","protected":false},"author":3,"featured_media":278201,"comment_status":"closed","ping_status":"closed","sticky":false,"template":"","format":"standard","meta":{"_acf_changed":false,"_et_pb_use_builder":"on","_et_pb_old_content":"","_et_gb_content_width":"","om_disable_all_campaigns":false,"inline_featured_image":false,"_uf_show_specific_survey":0,"_uf_disable_surveys":false,"footnotes":""},"categories":[84],"tags":[],"class_list":["post-278200","post","type-post","status-publish","format-standard","has-post-thumbnail","hentry","category-uncategorized-fi"],"acf":[],"yoast_head":"<!-- This site is optimized with the Yoast SEO plugin v27.1.1 - https:\/\/yoast.com\/product\/yoast-seo-wordpress\/ -->\n<title>Syksy tuo valoa ty\u00f6markkinoille | Compass HR Group<\/title>\n<meta name=\"description\" content=\"Vuosi 2025 on ollut Suomessa edelleen taloudellisesti haastava, mutta samalla ty\u00f6markkinoilla on alkanut n\u00e4ky\u00e4 pitk\u00e4\u00e4n odotettuja piristymisen merkkej\u00e4.\" \/>\n<meta name=\"robots\" content=\"index, follow, max-snippet:-1, max-image-preview:large, max-video-preview:-1\" \/>\n<link rel=\"canonical\" href=\"https:\/\/www.compasshrg.com\/fi\/blog\/syksy-tuo-valoa-tyomarkkinoille\/\" \/>\n<meta property=\"og:locale\" content=\"fi_FI\" \/>\n<meta property=\"og:type\" content=\"article\" \/>\n<meta property=\"og:title\" content=\"Syksy tuo valoa ty\u00f6markkinoille | Compass HR Group\" \/>\n<meta property=\"og:description\" content=\"Vuosi 2025 on ollut Suomessa edelleen taloudellisesti haastava, mutta samalla ty\u00f6markkinoilla on alkanut n\u00e4ky\u00e4 pitk\u00e4\u00e4n odotettuja piristymisen merkkej\u00e4. Suorahakukonsulttina seuraan ty\u00f6el\u00e4m\u00e4n trendej\u00e4 p\u00e4ivitt\u00e4in ja nyt n\u00e4ytt\u00e4\u00e4 silt\u00e4, ett\u00e4 syksyst\u00e4 tulisi kiireisempi kuin pitk\u00e4\u00e4n aikaan.\" \/>\n<meta property=\"og:url\" content=\"https:\/\/www.compasshrg.com\/fi\/blog\/syksy-tuo-valoa-tyomarkkinoille\/\" \/>\n<meta property=\"og:site_name\" content=\"Compass HRG\" \/>\n<meta property=\"article:publisher\" content=\"https:\/\/www.facebook.com\/compasshrgdk\" \/>\n<meta property=\"article:published_time\" content=\"2025-08-18T06:28:26+00:00\" \/>\n<meta property=\"article:modified_time\" content=\"2025-10-21T15:47:01+00:00\" \/>\n<meta property=\"og:image\" content=\"https:\/\/www.compasshrg.com\/wp-content\/uploads\/2025\/08\/helsinki-in-finland-view-of-the-town-2025-02-02-20-28-28-utc.jpg\" \/>\n\t<meta property=\"og:image:width\" content=\"2560\" \/>\n\t<meta property=\"og:image:height\" content=\"1709\" \/>\n\t<meta property=\"og:image:type\" content=\"image\/jpeg\" \/>\n<meta name=\"author\" content=\"astrid.rorbye@compasshrg.com\" \/>\n<meta name=\"twitter:card\" content=\"summary_large_image\" \/>\n<meta name=\"twitter:label1\" content=\"Kirjoittanut\" \/>\n\t<meta name=\"twitter:data1\" content=\"astrid.rorbye@compasshrg.com\" \/>\n\t<meta name=\"twitter:label2\" content=\"Arvioitu lukuaika\" \/>\n\t<meta name=\"twitter:data2\" content=\"3 minuuttia\" \/>\n<script type=\"application\/ld+json\" class=\"yoast-schema-graph\">{\"@context\":\"https:\/\/schema.org\",\"@graph\":[{\"@type\":\"Article\",\"@id\":\"https:\/\/www.compasshrg.com\/fi\/blog\/syksy-tuo-valoa-tyomarkkinoille\/#article\",\"isPartOf\":{\"@id\":\"https:\/\/www.compasshrg.com\/fi\/blog\/syksy-tuo-valoa-tyomarkkinoille\/\"},\"author\":{\"name\":\"astrid.rorbye@compasshrg.com\",\"@id\":\"https:\/\/www.compasshrg.com\/fi\/#\/schema\/person\/48e7d4f61190ab6deecab6cace8732ab\"},\"headline\":\"Syksy tuo valoa ty\u00f6markkinoille \u2013 n\u00e4kymi\u00e4 suorahakukonsultin silmin\",\"datePublished\":\"2025-08-18T06:28:26+00:00\",\"dateModified\":\"2025-10-21T15:47:01+00:00\",\"mainEntityOfPage\":{\"@id\":\"https:\/\/www.compasshrg.com\/fi\/blog\/syksy-tuo-valoa-tyomarkkinoille\/\"},\"wordCount\":777,\"publisher\":{\"@id\":\"https:\/\/www.compasshrg.com\/fi\/#organization\"},\"image\":{\"@id\":\"https:\/\/www.compasshrg.com\/fi\/blog\/syksy-tuo-valoa-tyomarkkinoille\/#primaryimage\"},\"thumbnailUrl\":\"https:\/\/www.compasshrg.com\/wp-content\/uploads\/2025\/08\/helsinki-in-finland-view-of-the-town-2025-02-02-20-28-28-utc.jpg\",\"articleSection\":[\"Uncategorized @fi\"],\"inLanguage\":\"fi\"},{\"@type\":\"WebPage\",\"@id\":\"https:\/\/www.compasshrg.com\/fi\/blog\/syksy-tuo-valoa-tyomarkkinoille\/\",\"url\":\"https:\/\/www.compasshrg.com\/fi\/blog\/syksy-tuo-valoa-tyomarkkinoille\/\",\"name\":\"Syksy tuo valoa ty\u00f6markkinoille | Compass HR Group\",\"isPartOf\":{\"@id\":\"https:\/\/www.compasshrg.com\/fi\/#website\"},\"primaryImageOfPage\":{\"@id\":\"https:\/\/www.compasshrg.com\/fi\/blog\/syksy-tuo-valoa-tyomarkkinoille\/#primaryimage\"},\"image\":{\"@id\":\"https:\/\/www.compasshrg.com\/fi\/blog\/syksy-tuo-valoa-tyomarkkinoille\/#primaryimage\"},\"thumbnailUrl\":\"https:\/\/www.compasshrg.com\/wp-content\/uploads\/2025\/08\/helsinki-in-finland-view-of-the-town-2025-02-02-20-28-28-utc.jpg\",\"datePublished\":\"2025-08-18T06:28:26+00:00\",\"dateModified\":\"2025-10-21T15:47:01+00:00\",\"description\":\"Vuosi 2025 on ollut Suomessa edelleen taloudellisesti haastava, mutta samalla ty\u00f6markkinoilla on alkanut n\u00e4ky\u00e4 pitk\u00e4\u00e4n odotettuja piristymisen merkkej\u00e4.\",\"breadcrumb\":{\"@id\":\"https:\/\/www.compasshrg.com\/fi\/blog\/syksy-tuo-valoa-tyomarkkinoille\/#breadcrumb\"},\"inLanguage\":\"fi\",\"potentialAction\":[{\"@type\":\"ReadAction\",\"target\":[\"https:\/\/www.compasshrg.com\/fi\/blog\/syksy-tuo-valoa-tyomarkkinoille\/\"]}]},{\"@type\":\"ImageObject\",\"inLanguage\":\"fi\",\"@id\":\"https:\/\/www.compasshrg.com\/fi\/blog\/syksy-tuo-valoa-tyomarkkinoille\/#primaryimage\",\"url\":\"https:\/\/www.compasshrg.com\/wp-content\/uploads\/2025\/08\/helsinki-in-finland-view-of-the-town-2025-02-02-20-28-28-utc.jpg\",\"contentUrl\":\"https:\/\/www.compasshrg.com\/wp-content\/uploads\/2025\/08\/helsinki-in-finland-view-of-the-town-2025-02-02-20-28-28-utc.jpg\",\"width\":2560,\"height\":1709,\"caption\":\"Helsinki in Finland, view of the town from the sea, with the cathedral in background\"},{\"@type\":\"BreadcrumbList\",\"@id\":\"https:\/\/www.compasshrg.com\/fi\/blog\/syksy-tuo-valoa-tyomarkkinoille\/#breadcrumb\",\"itemListElement\":[{\"@type\":\"ListItem\",\"position\":1,\"name\":\"Compass HRG\",\"item\":\"https:\/\/www.compasshrg.com\/fi\/\"},{\"@type\":\"ListItem\",\"position\":2,\"name\":\"Syksy tuo valoa ty\u00f6markkinoille \u2013 n\u00e4kymi\u00e4 suorahakukonsultin silmin\"}]},{\"@type\":\"WebSite\",\"@id\":\"https:\/\/www.compasshrg.com\/fi\/#website\",\"url\":\"https:\/\/www.compasshrg.com\/fi\/\",\"name\":\"Compass HRG\",\"description\":\"Your HR Service Partner\",\"publisher\":{\"@id\":\"https:\/\/www.compasshrg.com\/fi\/#organization\"},\"potentialAction\":[{\"@type\":\"SearchAction\",\"target\":{\"@type\":\"EntryPoint\",\"urlTemplate\":\"https:\/\/www.compasshrg.com\/fi\/?s={search_term_string}\"},\"query-input\":{\"@type\":\"PropertyValueSpecification\",\"valueRequired\":true,\"valueName\":\"search_term_string\"}}],\"inLanguage\":\"fi\"},{\"@type\":\"Organization\",\"@id\":\"https:\/\/www.compasshrg.com\/fi\/#organization\",\"name\":\"Compass HRG\",\"url\":\"https:\/\/www.compasshrg.com\/fi\/\",\"logo\":{\"@type\":\"ImageObject\",\"inLanguage\":\"fi\",\"@id\":\"https:\/\/www.compasshrg.com\/fi\/#\/schema\/logo\/image\/\",\"url\":\"\",\"contentUrl\":\"\",\"caption\":\"Compass HRG\"},\"image\":{\"@id\":\"https:\/\/www.compasshrg.com\/fi\/#\/schema\/logo\/image\/\"},\"sameAs\":[\"https:\/\/www.facebook.com\/compasshrgdk\"]},{\"@type\":\"Person\",\"@id\":\"https:\/\/www.compasshrg.com\/fi\/#\/schema\/person\/48e7d4f61190ab6deecab6cace8732ab\",\"name\":\"astrid.rorbye@compasshrg.com\",\"image\":{\"@type\":\"ImageObject\",\"inLanguage\":\"fi\",\"@id\":\"https:\/\/www.compasshrg.com\/fi\/#\/schema\/person\/image\/\",\"url\":\"https:\/\/secure.gravatar.com\/avatar\/3948a8640ba2d7deb14c8031f503a7a07eedc743a55803e5670af1297d41a9c8?s=96&d=mm&r=g\",\"contentUrl\":\"https:\/\/secure.gravatar.com\/avatar\/3948a8640ba2d7deb14c8031f503a7a07eedc743a55803e5670af1297d41a9c8?s=96&d=mm&r=g\",\"caption\":\"astrid.rorbye@compasshrg.com\"}}]}<\/script>\n<!-- \/ Yoast SEO plugin. -->","yoast_head_json":{"title":"Syksy tuo valoa ty\u00f6markkinoille | Compass HR Group","description":"Vuosi 2025 on ollut Suomessa edelleen taloudellisesti haastava, mutta samalla ty\u00f6markkinoilla on alkanut n\u00e4ky\u00e4 pitk\u00e4\u00e4n odotettuja piristymisen merkkej\u00e4.","robots":{"index":"index","follow":"follow","max-snippet":"max-snippet:-1","max-image-preview":"max-image-preview:large","max-video-preview":"max-video-preview:-1"},"canonical":"https:\/\/www.compasshrg.com\/fi\/blog\/syksy-tuo-valoa-tyomarkkinoille\/","og_locale":"fi_FI","og_type":"article","og_title":"Syksy tuo valoa ty\u00f6markkinoille | Compass HR Group","og_description":"Vuosi 2025 on ollut Suomessa edelleen taloudellisesti haastava, mutta samalla ty\u00f6markkinoilla on alkanut n\u00e4ky\u00e4 pitk\u00e4\u00e4n odotettuja piristymisen merkkej\u00e4. Suorahakukonsulttina seuraan ty\u00f6el\u00e4m\u00e4n trendej\u00e4 p\u00e4ivitt\u00e4in ja nyt n\u00e4ytt\u00e4\u00e4 silt\u00e4, ett\u00e4 syksyst\u00e4 tulisi kiireisempi kuin pitk\u00e4\u00e4n aikaan.","og_url":"https:\/\/www.compasshrg.com\/fi\/blog\/syksy-tuo-valoa-tyomarkkinoille\/","og_site_name":"Compass HRG","article_publisher":"https:\/\/www.facebook.com\/compasshrgdk","article_published_time":"2025-08-18T06:28:26+00:00","article_modified_time":"2025-10-21T15:47:01+00:00","og_image":[{"width":2560,"height":1709,"url":"https:\/\/www.compasshrg.com\/wp-content\/uploads\/2025\/08\/helsinki-in-finland-view-of-the-town-2025-02-02-20-28-28-utc.jpg","type":"image\/jpeg"}],"author":"astrid.rorbye@compasshrg.com","twitter_card":"summary_large_image","twitter_misc":{"Kirjoittanut":"astrid.rorbye@compasshrg.com","Arvioitu lukuaika":"3 minuuttia"},"schema":{"@context":"https:\/\/schema.org","@graph":[{"@type":"Article","@id":"https:\/\/www.compasshrg.com\/fi\/blog\/syksy-tuo-valoa-tyomarkkinoille\/#article","isPartOf":{"@id":"https:\/\/www.compasshrg.com\/fi\/blog\/syksy-tuo-valoa-tyomarkkinoille\/"},"author":{"name":"astrid.rorbye@compasshrg.com","@id":"https:\/\/www.compasshrg.com\/fi\/#\/schema\/person\/48e7d4f61190ab6deecab6cace8732ab"},"headline":"Syksy tuo valoa ty\u00f6markkinoille \u2013 n\u00e4kymi\u00e4 suorahakukonsultin silmin","datePublished":"2025-08-18T06:28:26+00:00","dateModified":"2025-10-21T15:47:01+00:00","mainEntityOfPage":{"@id":"https:\/\/www.compasshrg.com\/fi\/blog\/syksy-tuo-valoa-tyomarkkinoille\/"},"wordCount":777,"publisher":{"@id":"https:\/\/www.compasshrg.com\/fi\/#organization"},"image":{"@id":"https:\/\/www.compasshrg.com\/fi\/blog\/syksy-tuo-valoa-tyomarkkinoille\/#primaryimage"},"thumbnailUrl":"https:\/\/www.compasshrg.com\/wp-content\/uploads\/2025\/08\/helsinki-in-finland-view-of-the-town-2025-02-02-20-28-28-utc.jpg","articleSection":["Uncategorized @fi"],"inLanguage":"fi"},{"@type":"WebPage","@id":"https:\/\/www.compasshrg.com\/fi\/blog\/syksy-tuo-valoa-tyomarkkinoille\/","url":"https:\/\/www.compasshrg.com\/fi\/blog\/syksy-tuo-valoa-tyomarkkinoille\/","name":"Syksy tuo valoa ty\u00f6markkinoille | Compass HR Group","isPartOf":{"@id":"https:\/\/www.compasshrg.com\/fi\/#website"},"primaryImageOfPage":{"@id":"https:\/\/www.compasshrg.com\/fi\/blog\/syksy-tuo-valoa-tyomarkkinoille\/#primaryimage"},"image":{"@id":"https:\/\/www.compasshrg.com\/fi\/blog\/syksy-tuo-valoa-tyomarkkinoille\/#primaryimage"},"thumbnailUrl":"https:\/\/www.compasshrg.com\/wp-content\/uploads\/2025\/08\/helsinki-in-finland-view-of-the-town-2025-02-02-20-28-28-utc.jpg","datePublished":"2025-08-18T06:28:26+00:00","dateModified":"2025-10-21T15:47:01+00:00","description":"Vuosi 2025 on ollut Suomessa edelleen taloudellisesti haastava, mutta samalla ty\u00f6markkinoilla on alkanut n\u00e4ky\u00e4 pitk\u00e4\u00e4n odotettuja piristymisen merkkej\u00e4.","breadcrumb":{"@id":"https:\/\/www.compasshrg.com\/fi\/blog\/syksy-tuo-valoa-tyomarkkinoille\/#breadcrumb"},"inLanguage":"fi","potentialAction":[{"@type":"ReadAction","target":["https:\/\/www.compasshrg.com\/fi\/blog\/syksy-tuo-valoa-tyomarkkinoille\/"]}]},{"@type":"ImageObject","inLanguage":"fi","@id":"https:\/\/www.compasshrg.com\/fi\/blog\/syksy-tuo-valoa-tyomarkkinoille\/#primaryimage","url":"https:\/\/www.compasshrg.com\/wp-content\/uploads\/2025\/08\/helsinki-in-finland-view-of-the-town-2025-02-02-20-28-28-utc.jpg","contentUrl":"https:\/\/www.compasshrg.com\/wp-content\/uploads\/2025\/08\/helsinki-in-finland-view-of-the-town-2025-02-02-20-28-28-utc.jpg","width":2560,"height":1709,"caption":"Helsinki in Finland, view of the town from the sea, with the cathedral in background"},{"@type":"BreadcrumbList","@id":"https:\/\/www.compasshrg.com\/fi\/blog\/syksy-tuo-valoa-tyomarkkinoille\/#breadcrumb","itemListElement":[{"@type":"ListItem","position":1,"name":"Compass HRG","item":"https:\/\/www.compasshrg.com\/fi\/"},{"@type":"ListItem","position":2,"name":"Syksy tuo valoa ty\u00f6markkinoille \u2013 n\u00e4kymi\u00e4 suorahakukonsultin silmin"}]},{"@type":"WebSite","@id":"https:\/\/www.compasshrg.com\/fi\/#website","url":"https:\/\/www.compasshrg.com\/fi\/","name":"Compass HRG","description":"Your HR Service Partner","publisher":{"@id":"https:\/\/www.compasshrg.com\/fi\/#organization"},"potentialAction":[{"@type":"SearchAction","target":{"@type":"EntryPoint","urlTemplate":"https:\/\/www.compasshrg.com\/fi\/?s={search_term_string}"},"query-input":{"@type":"PropertyValueSpecification","valueRequired":true,"valueName":"search_term_string"}}],"inLanguage":"fi"},{"@type":"Organization","@id":"https:\/\/www.compasshrg.com\/fi\/#organization","name":"Compass HRG","url":"https:\/\/www.compasshrg.com\/fi\/","logo":{"@type":"ImageObject","inLanguage":"fi","@id":"https:\/\/www.compasshrg.com\/fi\/#\/schema\/logo\/image\/","url":"","contentUrl":"","caption":"Compass HRG"},"image":{"@id":"https:\/\/www.compasshrg.com\/fi\/#\/schema\/logo\/image\/"},"sameAs":["https:\/\/www.facebook.com\/compasshrgdk"]},{"@type":"Person","@id":"https:\/\/www.compasshrg.com\/fi\/#\/schema\/person\/48e7d4f61190ab6deecab6cace8732ab","name":"astrid.rorbye@compasshrg.com","image":{"@type":"ImageObject","inLanguage":"fi","@id":"https:\/\/www.compasshrg.com\/fi\/#\/schema\/person\/image\/","url":"https:\/\/secure.gravatar.com\/avatar\/3948a8640ba2d7deb14c8031f503a7a07eedc743a55803e5670af1297d41a9c8?s=96&d=mm&r=g","contentUrl":"https:\/\/secure.gravatar.com\/avatar\/3948a8640ba2d7deb14c8031f503a7a07eedc743a55803e5670af1297d41a9c8?s=96&d=mm&r=g","caption":"astrid.rorbye@compasshrg.com"}}]}},"_links":{"self":[{"href":"https:\/\/www.compasshrg.com\/fi\/wp-json\/wp\/v2\/posts\/278200","targetHints":{"allow":["GET"]}}],"collection":[{"href":"https:\/\/www.compasshrg.com\/fi\/wp-json\/wp\/v2\/posts"}],"about":[{"href":"https:\/\/www.compasshrg.com\/fi\/wp-json\/wp\/v2\/types\/post"}],"author":[{"embeddable":true,"href":"https:\/\/www.compasshrg.com\/fi\/wp-json\/wp\/v2\/users\/3"}],"replies":[{"embeddable":true,"href":"https:\/\/www.compasshrg.com\/fi\/wp-json\/wp\/v2\/comments?post=278200"}],"version-history":[{"count":5,"href":"https:\/\/www.compasshrg.com\/fi\/wp-json\/wp\/v2\/posts\/278200\/revisions"}],"predecessor-version":[{"id":278265,"href":"https:\/\/www.compasshrg.com\/fi\/wp-json\/wp\/v2\/posts\/278200\/revisions\/278265"}],"wp:featuredmedia":[{"embeddable":true,"href":"https:\/\/www.compasshrg.com\/fi\/wp-json\/wp\/v2\/media\/278201"}],"wp:attachment":[{"href":"https:\/\/www.compasshrg.com\/fi\/wp-json\/wp\/v2\/media?parent=278200"}],"wp:term":[{"taxonomy":"category","embeddable":true,"href":"https:\/\/www.compasshrg.com\/fi\/wp-json\/wp\/v2\/categories?post=278200"},{"taxonomy":"post_tag","embeddable":true,"href":"https:\/\/www.compasshrg.com\/fi\/wp-json\/wp\/v2\/tags?post=278200"}],"curies":[{"name":"wp","href":"https:\/\/api.w.org\/{rel}","templated":true}]}}