{"id":280780,"date":"2026-01-20T07:19:11","date_gmt":"2026-01-20T06:19:11","guid":{"rendered":"https:\/\/www.compasshrg.com\/?p=280780"},"modified":"2026-01-20T13:05:03","modified_gmt":"2026-01-20T12:05:03","slug":"muutosturva","status":"publish","type":"post","link":"https:\/\/www.compasshrg.com\/fi\/blog\/muutosturva\/","title":{"rendered":"Irtisanomiset edess\u00e4? N\u00e4in muutosturvasta tehd\u00e4\u00e4n inhimillinen siirtym\u00e4"},"content":{"rendered":"<p>[et_pb_section fb_built=&#8221;1&#8243; _builder_version=&#8221;4.27.4&#8243; _module_preset=&#8221;default&#8221; global_colors_info=&#8221;{}&#8221;][et_pb_row _builder_version=&#8221;4.27.4&#8243; _module_preset=&#8221;default&#8221; global_colors_info=&#8221;{}&#8221;][et_pb_column type=&#8221;4_4&#8243; _builder_version=&#8221;4.27.4&#8243; _module_preset=&#8221;default&#8221; global_colors_info=&#8221;{}&#8221;][et_pb_text _builder_version=&#8221;4.27.5&#8243; _module_preset=&#8221;default&#8221; header_3_font=&#8221;|||on|||||&#8221; header_3_text_color=&#8221;#1EAEE2&#8243; header_3_font_size=&#8221;20px&#8221; global_colors_info=&#8221;{}&#8221;]<\/p>\n<h3><strong>Lakis\u00e4\u00e4teinen velvoite ja vastuullinen valinta<\/strong><\/h3>\n<p>Suomen ty\u00f6lains\u00e4\u00e4d\u00e4nt\u00f6 edellytt\u00e4\u00e4 muutosturvakoulutusta, kun tuotannollisista tai taloudellisista syist\u00e4 irtisanottu ty\u00f6ntekij\u00e4 on yli 55-vuotias ja ty\u00f6suhde on kest\u00e4nyt v\u00e4hint\u00e4\u00e4n viisi vuotta. Koulutuksen arvon tulee vastata v\u00e4hint\u00e4\u00e4n kuukauden palkkaa.<\/p>\n<p>Vastuulliset ty\u00f6nantajat kuitenkin ymm\u00e4rt\u00e4\u00e4, ett\u00e4 tuen tarjoaminen kaikille irtisanotuille \u2013 i\u00e4st\u00e4 ja ty\u00f6suhteen kestosta riippumatta \u2013 on sek\u00e4 eettisesti kest\u00e4v\u00e4 ett\u00e4 organisaation pitk\u00e4n aikav\u00e4lin etua palveleva ratkaisu.<\/p>\n<p>&nbsp;<\/p>\n<h3><strong>Muutoksen vaikutus yksil\u00f6\u00f6n<\/strong><\/h3>\n<p>Ty\u00f6n menett\u00e4minen haastaa ammatillisen identiteetin, taloudellisen turvallisuuden ja usein my\u00f6s itsetunnon. Erityisesti pitk\u00e4n ty\u00f6uran tehneille kysymykset omasta osaamisesta ja arvosta ty\u00f6markkinoilla voivat tuntua haastavilta.<\/p>\n<p><em>&#8221;Ty\u00f6paikan menett\u00e4minen on kuin menett\u00e4isi osan itsest\u00e4\u00e4n&#8221;<\/em>, kuvailee uravalmennukseen osallistunut henkil\u00f6. Laadukas muutosturva voi tehd\u00e4 merkitt\u00e4v\u00e4n eron t\u00e4ss\u00e4 el\u00e4m\u00e4nmuutoksessa.<\/p>\n<p>&nbsp;<\/p>\n<h3><strong>Uravalmennuksen kolme peruspilaria<\/strong><\/h3>\n<ol>\n<li><strong> Ammatillisen itsetunnon vahvistaminen<\/strong><\/li>\n<\/ol>\n<p>Uravalmennus l\u00e4htee liikkeelle perusasioista: vuosien varrella kertyneen osaamisen tunnistamisesta, vahvuuksien sanoittamisesta ja verkostojen hy\u00f6dynt\u00e4misest\u00e4. Jokaisen ty\u00f6ntekij\u00e4n tilanne on ainutlaatuinen \u2013 jollekin kyse voi olla ensimm\u00e4isest\u00e4 irtisanomiskokemuksesta, toiselle mahdollisuudesta alanvaihtoon.<\/p>\n<ol start=\"2\">\n<li><strong> Ty\u00f6el\u00e4m\u00e4taitojen p\u00e4ivitt\u00e4minen<\/strong><\/li>\n<\/ol>\n<p>Rekrytointik\u00e4yt\u00e4nn\u00f6t ovat muuttuneet merkitt\u00e4v\u00e4sti. LinkedIn on noussut keskeiseksi verkostoitumisalustaksi, videohaastattelut ovat arkip\u00e4iv\u00e4\u00e4, ja CV-odotukset ovat uudistuneet. Uravalmennus tarjoaa k\u00e4yt\u00e4nn\u00f6n sparrausta n\u00e4iden taitojen p\u00e4ivitt\u00e4miseen.<\/p>\n<ol start=\"3\">\n<li><strong> Verkostojen voima<\/strong><\/li>\n<\/ol>\n<p>Valtaosa ty\u00f6paikoista t\u00e4yttyy verkostojen kautta. Uravalmennus auttaa tunnistamaan olemassa olevia verkostoja ja antaa ty\u00f6kaluja niiden hy\u00f6dynt\u00e4miseen tavalla, joka tuntuu aidolta ja luontevalta.<\/p>\n<p>&nbsp;<\/p>\n<h3><strong>Compass HR Groupin l\u00e4hestymistapa<\/strong><\/h3>\n<p>Uravalmennuspalvelumme perustuu kolmeen keskeiseen periaatteeseen:<\/p>\n<p><strong>Yksil\u00f6llisyys<\/strong> \u2013 Jokainen valmennus r\u00e4\u00e4t\u00e4l\u00f6id\u00e4\u00e4n henkil\u00f6kohtaisten tarpeiden mukaan. Emme tarjoa massaratkaisuja yksil\u00f6llisiin tilanteisiin.<\/p>\n<p><strong>Kokonaisvaltaisuus<\/strong> \u2013 Tuemme sek\u00e4 k\u00e4yt\u00e4nn\u00f6n ty\u00f6nhakutaidoissa ett\u00e4 muutoksen her\u00e4tt\u00e4mien tunteiden k\u00e4sittelyss\u00e4.<\/p>\n<p><strong>Jatkuvuus<\/strong> \u2013 Valmennussuhde ei p\u00e4\u00e4ty viimeiseen palaveriin. Olemme hakijan tukena my\u00f6s my\u00f6hemmin her\u00e4\u00e4viss\u00e4 kysymyksiss\u00e4.<\/p>\n<p><strong>Organisaation mahdollisuus<\/strong><\/p>\n<p>Vastuullinen toiminta irtisanomistilanteessa on investointi tulevaisuuteen. Se viestii j\u00e4ljelle j\u00e4\u00e4v\u00e4lle henkil\u00f6st\u00f6lle, ett\u00e4 jokainen ty\u00f6ntekij\u00e4 on arvokas \u2013 my\u00f6s silloin, kun yhteinen matka p\u00e4\u00e4ttyy. Samalla se on tilaisuus konkretisoida organisaation arvot: v\u00e4litt\u00e4minen, vastuullisuus ja inhimillisyys.<\/p>\n<p><strong>Kohti ratkaisuja<\/strong><\/p>\n<p>Jos organisaatiossanne on edess\u00e4 henkil\u00f6st\u00f6v\u00e4hennyksi\u00e4, olisi hyv\u00e4 pohtia:<\/p>\n<ul>\n<li>Miten tuemme jokaista irtisanottua parhaalla mahdollisella tavalla?<\/li>\n<li>Miten s\u00e4ilyt\u00e4mme vastuullisen ty\u00f6nantajamielikuvan?<\/li>\n<li>Miten varmistamme, ett\u00e4 jokainen l\u00e4htij\u00e4 kokee tulleensa kohdelluksi arvokkaasti?<\/li>\n<\/ul>\n<p>Muutosturva ei poista irtisanomisen aiheuttamaa ep\u00e4varmuutta, mutta se voi merkitt\u00e4v\u00e4sti helpottaa siirtym\u00e4\u00e4 kohti uutta. Se on konkreettinen osoitus v\u00e4litt\u00e4misest\u00e4 \u2013 loppuun asti.<\/p>\n<p>&nbsp;<\/p>\n<h5><strong>Haluatko keskustella organisaationne muutosturvasta?<\/strong><\/h5>\n<p>Compass HR Group on kulkenut organisaatioiden rinnalla muutostilanteissa. Ymm\u00e4rr\u00e4mme, ett\u00e4 jokainen tilanne vaatii sek\u00e4 ammattitaitoa ja aitoa v\u00e4litt\u00e4mist\u00e4.<\/p>\n<p>Olemme k\u00e4ytett\u00e4viss\u00e4nne keskusteluun siit\u00e4, miten voimme yhdess\u00e4 rakentaa muutosturvaa, joka palvelee sek\u00e4 irtisanottuja ty\u00f6ntekij\u00f6it\u00e4 ett\u00e4 organisaationne arvoja.<br \/>\n[\/et_pb_text][\/et_pb_column][\/et_pb_row][et_pb_row _builder_version=&#8221;4.23.1&#8243; _module_preset=&#8221;b403e8df-eb65-43cf-83e7-2f803c26a8bd&#8221; global_colors_info=&#8221;{}&#8221;][et_pb_column type=&#8221;4_4&#8243; _builder_version=&#8221;4.23.1&#8243; _module_preset=&#8221;default&#8221; global_colors_info=&#8221;{}&#8221;][et_pb_button button_url=&#8221;https:\/\/www.compasshrg.com\/fi\/yhteydenotto\/&#8221; button_text=&#8221;OTA YHTEYTT\u00c4&#8221; button_alignment=&#8221;center&#8221; _builder_version=&#8221;4.27.4&#8243; _module_preset=&#8221;0b42114b-4eae-44d0-b289-9382e7907bd4&#8243; custom_margin=&#8221;0rem||||false|false&#8221; global_colors_info=&#8221;{}&#8221;][\/et_pb_button][\/et_pb_column][\/et_pb_row][\/et_pb_section]<\/p>\n","protected":false},"excerpt":{"rendered":"<p>Irtisanomistilanne koskettaa aina kaikkia osapuolia. Se on hetki, jolloin ty\u00f6nantajan arvot ja v\u00e4litt\u00e4minen konkretisoituvat. Miten voimme parhaiten tukea niit\u00e4, joiden ty\u00f6matka organisaatiossamme p\u00e4\u00e4ttyy?<\/p>\n","protected":false},"author":90,"featured_media":280953,"comment_status":"closed","ping_status":"closed","sticky":false,"template":"","format":"standard","meta":{"_acf_changed":false,"_et_pb_use_builder":"on","_et_pb_old_content":"<p>\u00a0<\/p><p>\u00a0<\/p>","_et_gb_content_width":"","om_disable_all_campaigns":false,"inline_featured_image":false,"_uf_show_specific_survey":0,"_uf_disable_surveys":false,"footnotes":""},"categories":[84],"tags":[],"class_list":["post-280780","post","type-post","status-publish","format-standard","has-post-thumbnail","hentry","category-uncategorized-fi"],"acf":[],"yoast_head":"<!-- This site is optimized with the Yoast SEO plugin v27.1.1 - https:\/\/yoast.com\/product\/yoast-seo-wordpress\/ -->\n<title>N\u00e4in muutosturvasta tehd\u00e4\u00e4n inhimillinen siirtym\u00e4<\/title>\n<meta name=\"description\" content=\"Irtisanomistilanne koskettaa aina kaikkia osapuolia. Se on hetki, jolloin ty\u00f6nantajan arvot ja v\u00e4litt\u00e4minen konkretisoituvat.\" \/>\n<meta name=\"robots\" content=\"index, follow, max-snippet:-1, max-image-preview:large, max-video-preview:-1\" \/>\n<link rel=\"canonical\" href=\"https:\/\/www.compasshrg.com\/fi\/blog\/muutosturva\/\" \/>\n<meta property=\"og:locale\" content=\"fi_FI\" \/>\n<meta property=\"og:type\" content=\"article\" \/>\n<meta property=\"og:title\" content=\"Irtisanomiset edess\u00e4? N\u00e4in muutosturvasta tehd\u00e4\u00e4n inhimillinen siirtym\u00e4\" \/>\n<meta property=\"og:description\" content=\"Irtisanomistilanne koskettaa aina kaikkia osapuolia. Se on hetki, jolloin ty\u00f6nantajan arvot ja v\u00e4litt\u00e4minen konkretisoituvat. Miten voimme parhaiten tukea niit\u00e4, joiden ty\u00f6matka organisaatiossamme p\u00e4\u00e4ttyy?\" \/>\n<meta property=\"og:url\" content=\"https:\/\/www.compasshrg.com\/fi\/blog\/muutosturva\/\" \/>\n<meta property=\"og:site_name\" content=\"Compass HRG\" \/>\n<meta property=\"article:publisher\" content=\"https:\/\/www.facebook.com\/compasshrgdk\" \/>\n<meta property=\"article:published_time\" content=\"2026-01-20T06:19:11+00:00\" \/>\n<meta property=\"article:modified_time\" content=\"2026-01-20T12:05:03+00:00\" \/>\n<meta property=\"og:image\" content=\"https:\/\/www.compasshrg.com\/wp-content\/uploads\/2026\/01\/DSC09795.jpg\" \/>\n\t<meta property=\"og:image:width\" content=\"2560\" \/>\n\t<meta property=\"og:image:height\" content=\"1707\" \/>\n\t<meta property=\"og:image:type\" content=\"image\/jpeg\" \/>\n<meta name=\"author\" content=\"Sanna Korhonen\" \/>\n<meta name=\"twitter:card\" content=\"summary_large_image\" \/>\n<meta name=\"twitter:label1\" content=\"Kirjoittanut\" \/>\n\t<meta name=\"twitter:data1\" content=\"Sanna Korhonen\" \/>\n\t<meta name=\"twitter:label2\" content=\"Arvioitu lukuaika\" \/>\n\t<meta name=\"twitter:data2\" content=\"2 minuuttia\" \/>\n<script type=\"application\/ld+json\" class=\"yoast-schema-graph\">{\"@context\":\"https:\/\/schema.org\",\"@graph\":[{\"@type\":\"Article\",\"@id\":\"https:\/\/www.compasshrg.com\/fi\/blog\/muutosturva\/#article\",\"isPartOf\":{\"@id\":\"https:\/\/www.compasshrg.com\/fi\/blog\/muutosturva\/\"},\"author\":{\"name\":\"Sanna Korhonen\",\"@id\":\"https:\/\/www.compasshrg.com\/fi\/#\/schema\/person\/760340e85028fefe963c243ce0a05198\"},\"headline\":\"Irtisanomiset edess\u00e4? N\u00e4in muutosturvasta tehd\u00e4\u00e4n inhimillinen siirtym\u00e4\",\"datePublished\":\"2026-01-20T06:19:11+00:00\",\"dateModified\":\"2026-01-20T12:05:03+00:00\",\"mainEntityOfPage\":{\"@id\":\"https:\/\/www.compasshrg.com\/fi\/blog\/muutosturva\/\"},\"wordCount\":631,\"publisher\":{\"@id\":\"https:\/\/www.compasshrg.com\/fi\/#organization\"},\"image\":{\"@id\":\"https:\/\/www.compasshrg.com\/fi\/blog\/muutosturva\/#primaryimage\"},\"thumbnailUrl\":\"https:\/\/www.compasshrg.com\/wp-content\/uploads\/2026\/01\/DSC09795.jpg\",\"articleSection\":[\"Uncategorized @fi\"],\"inLanguage\":\"fi\"},{\"@type\":\"WebPage\",\"@id\":\"https:\/\/www.compasshrg.com\/fi\/blog\/muutosturva\/\",\"url\":\"https:\/\/www.compasshrg.com\/fi\/blog\/muutosturva\/\",\"name\":\"N\u00e4in muutosturvasta tehd\u00e4\u00e4n inhimillinen siirtym\u00e4\",\"isPartOf\":{\"@id\":\"https:\/\/www.compasshrg.com\/fi\/#website\"},\"primaryImageOfPage\":{\"@id\":\"https:\/\/www.compasshrg.com\/fi\/blog\/muutosturva\/#primaryimage\"},\"image\":{\"@id\":\"https:\/\/www.compasshrg.com\/fi\/blog\/muutosturva\/#primaryimage\"},\"thumbnailUrl\":\"https:\/\/www.compasshrg.com\/wp-content\/uploads\/2026\/01\/DSC09795.jpg\",\"datePublished\":\"2026-01-20T06:19:11+00:00\",\"dateModified\":\"2026-01-20T12:05:03+00:00\",\"description\":\"Irtisanomistilanne koskettaa aina kaikkia osapuolia. Se on hetki, jolloin ty\u00f6nantajan arvot ja v\u00e4litt\u00e4minen konkretisoituvat.\",\"breadcrumb\":{\"@id\":\"https:\/\/www.compasshrg.com\/fi\/blog\/muutosturva\/#breadcrumb\"},\"inLanguage\":\"fi\",\"potentialAction\":[{\"@type\":\"ReadAction\",\"target\":[\"https:\/\/www.compasshrg.com\/fi\/blog\/muutosturva\/\"]}]},{\"@type\":\"ImageObject\",\"inLanguage\":\"fi\",\"@id\":\"https:\/\/www.compasshrg.com\/fi\/blog\/muutosturva\/#primaryimage\",\"url\":\"https:\/\/www.compasshrg.com\/wp-content\/uploads\/2026\/01\/DSC09795.jpg\",\"contentUrl\":\"https:\/\/www.compasshrg.com\/wp-content\/uploads\/2026\/01\/DSC09795.jpg\",\"width\":2560,\"height\":1707},{\"@type\":\"BreadcrumbList\",\"@id\":\"https:\/\/www.compasshrg.com\/fi\/blog\/muutosturva\/#breadcrumb\",\"itemListElement\":[{\"@type\":\"ListItem\",\"position\":1,\"name\":\"Compass HRG\",\"item\":\"https:\/\/www.compasshrg.com\/fi\/\"},{\"@type\":\"ListItem\",\"position\":2,\"name\":\"Irtisanomiset edess\u00e4? N\u00e4in muutosturvasta tehd\u00e4\u00e4n inhimillinen siirtym\u00e4\"}]},{\"@type\":\"WebSite\",\"@id\":\"https:\/\/www.compasshrg.com\/fi\/#website\",\"url\":\"https:\/\/www.compasshrg.com\/fi\/\",\"name\":\"Compass HRG\",\"description\":\"Your HR Service Partner\",\"publisher\":{\"@id\":\"https:\/\/www.compasshrg.com\/fi\/#organization\"},\"potentialAction\":[{\"@type\":\"SearchAction\",\"target\":{\"@type\":\"EntryPoint\",\"urlTemplate\":\"https:\/\/www.compasshrg.com\/fi\/?s={search_term_string}\"},\"query-input\":{\"@type\":\"PropertyValueSpecification\",\"valueRequired\":true,\"valueName\":\"search_term_string\"}}],\"inLanguage\":\"fi\"},{\"@type\":\"Organization\",\"@id\":\"https:\/\/www.compasshrg.com\/fi\/#organization\",\"name\":\"Compass HRG\",\"url\":\"https:\/\/www.compasshrg.com\/fi\/\",\"logo\":{\"@type\":\"ImageObject\",\"inLanguage\":\"fi\",\"@id\":\"https:\/\/www.compasshrg.com\/fi\/#\/schema\/logo\/image\/\",\"url\":\"\",\"contentUrl\":\"\",\"caption\":\"Compass HRG\"},\"image\":{\"@id\":\"https:\/\/www.compasshrg.com\/fi\/#\/schema\/logo\/image\/\"},\"sameAs\":[\"https:\/\/www.facebook.com\/compasshrgdk\"]},{\"@type\":\"Person\",\"@id\":\"https:\/\/www.compasshrg.com\/fi\/#\/schema\/person\/760340e85028fefe963c243ce0a05198\",\"name\":\"Sanna Korhonen\",\"image\":{\"@type\":\"ImageObject\",\"inLanguage\":\"fi\",\"@id\":\"https:\/\/www.compasshrg.com\/fi\/#\/schema\/person\/image\/\",\"url\":\"https:\/\/secure.gravatar.com\/avatar\/dbd299564355ed1642adad3854a05d02b2a8aa09025a33854756b97c0630b87c?s=96&d=mm&r=g\",\"contentUrl\":\"https:\/\/secure.gravatar.com\/avatar\/dbd299564355ed1642adad3854a05d02b2a8aa09025a33854756b97c0630b87c?s=96&d=mm&r=g\",\"caption\":\"Sanna Korhonen\"}}]}<\/script>\n<!-- \/ Yoast SEO plugin. -->","yoast_head_json":{"title":"N\u00e4in muutosturvasta tehd\u00e4\u00e4n inhimillinen siirtym\u00e4","description":"Irtisanomistilanne koskettaa aina kaikkia osapuolia. Se on hetki, jolloin ty\u00f6nantajan arvot ja v\u00e4litt\u00e4minen konkretisoituvat.","robots":{"index":"index","follow":"follow","max-snippet":"max-snippet:-1","max-image-preview":"max-image-preview:large","max-video-preview":"max-video-preview:-1"},"canonical":"https:\/\/www.compasshrg.com\/fi\/blog\/muutosturva\/","og_locale":"fi_FI","og_type":"article","og_title":"Irtisanomiset edess\u00e4? N\u00e4in muutosturvasta tehd\u00e4\u00e4n inhimillinen siirtym\u00e4","og_description":"Irtisanomistilanne koskettaa aina kaikkia osapuolia. Se on hetki, jolloin ty\u00f6nantajan arvot ja v\u00e4litt\u00e4minen konkretisoituvat. Miten voimme parhaiten tukea niit\u00e4, joiden ty\u00f6matka organisaatiossamme p\u00e4\u00e4ttyy?","og_url":"https:\/\/www.compasshrg.com\/fi\/blog\/muutosturva\/","og_site_name":"Compass HRG","article_publisher":"https:\/\/www.facebook.com\/compasshrgdk","article_published_time":"2026-01-20T06:19:11+00:00","article_modified_time":"2026-01-20T12:05:03+00:00","og_image":[{"width":2560,"height":1707,"url":"https:\/\/www.compasshrg.com\/wp-content\/uploads\/2026\/01\/DSC09795.jpg","type":"image\/jpeg"}],"author":"Sanna Korhonen","twitter_card":"summary_large_image","twitter_misc":{"Kirjoittanut":"Sanna Korhonen","Arvioitu lukuaika":"2 minuuttia"},"schema":{"@context":"https:\/\/schema.org","@graph":[{"@type":"Article","@id":"https:\/\/www.compasshrg.com\/fi\/blog\/muutosturva\/#article","isPartOf":{"@id":"https:\/\/www.compasshrg.com\/fi\/blog\/muutosturva\/"},"author":{"name":"Sanna Korhonen","@id":"https:\/\/www.compasshrg.com\/fi\/#\/schema\/person\/760340e85028fefe963c243ce0a05198"},"headline":"Irtisanomiset edess\u00e4? N\u00e4in muutosturvasta tehd\u00e4\u00e4n inhimillinen siirtym\u00e4","datePublished":"2026-01-20T06:19:11+00:00","dateModified":"2026-01-20T12:05:03+00:00","mainEntityOfPage":{"@id":"https:\/\/www.compasshrg.com\/fi\/blog\/muutosturva\/"},"wordCount":631,"publisher":{"@id":"https:\/\/www.compasshrg.com\/fi\/#organization"},"image":{"@id":"https:\/\/www.compasshrg.com\/fi\/blog\/muutosturva\/#primaryimage"},"thumbnailUrl":"https:\/\/www.compasshrg.com\/wp-content\/uploads\/2026\/01\/DSC09795.jpg","articleSection":["Uncategorized @fi"],"inLanguage":"fi"},{"@type":"WebPage","@id":"https:\/\/www.compasshrg.com\/fi\/blog\/muutosturva\/","url":"https:\/\/www.compasshrg.com\/fi\/blog\/muutosturva\/","name":"N\u00e4in muutosturvasta tehd\u00e4\u00e4n inhimillinen siirtym\u00e4","isPartOf":{"@id":"https:\/\/www.compasshrg.com\/fi\/#website"},"primaryImageOfPage":{"@id":"https:\/\/www.compasshrg.com\/fi\/blog\/muutosturva\/#primaryimage"},"image":{"@id":"https:\/\/www.compasshrg.com\/fi\/blog\/muutosturva\/#primaryimage"},"thumbnailUrl":"https:\/\/www.compasshrg.com\/wp-content\/uploads\/2026\/01\/DSC09795.jpg","datePublished":"2026-01-20T06:19:11+00:00","dateModified":"2026-01-20T12:05:03+00:00","description":"Irtisanomistilanne koskettaa aina kaikkia osapuolia. Se on hetki, jolloin ty\u00f6nantajan arvot ja v\u00e4litt\u00e4minen konkretisoituvat.","breadcrumb":{"@id":"https:\/\/www.compasshrg.com\/fi\/blog\/muutosturva\/#breadcrumb"},"inLanguage":"fi","potentialAction":[{"@type":"ReadAction","target":["https:\/\/www.compasshrg.com\/fi\/blog\/muutosturva\/"]}]},{"@type":"ImageObject","inLanguage":"fi","@id":"https:\/\/www.compasshrg.com\/fi\/blog\/muutosturva\/#primaryimage","url":"https:\/\/www.compasshrg.com\/wp-content\/uploads\/2026\/01\/DSC09795.jpg","contentUrl":"https:\/\/www.compasshrg.com\/wp-content\/uploads\/2026\/01\/DSC09795.jpg","width":2560,"height":1707},{"@type":"BreadcrumbList","@id":"https:\/\/www.compasshrg.com\/fi\/blog\/muutosturva\/#breadcrumb","itemListElement":[{"@type":"ListItem","position":1,"name":"Compass HRG","item":"https:\/\/www.compasshrg.com\/fi\/"},{"@type":"ListItem","position":2,"name":"Irtisanomiset edess\u00e4? N\u00e4in muutosturvasta tehd\u00e4\u00e4n inhimillinen siirtym\u00e4"}]},{"@type":"WebSite","@id":"https:\/\/www.compasshrg.com\/fi\/#website","url":"https:\/\/www.compasshrg.com\/fi\/","name":"Compass HRG","description":"Your HR Service Partner","publisher":{"@id":"https:\/\/www.compasshrg.com\/fi\/#organization"},"potentialAction":[{"@type":"SearchAction","target":{"@type":"EntryPoint","urlTemplate":"https:\/\/www.compasshrg.com\/fi\/?s={search_term_string}"},"query-input":{"@type":"PropertyValueSpecification","valueRequired":true,"valueName":"search_term_string"}}],"inLanguage":"fi"},{"@type":"Organization","@id":"https:\/\/www.compasshrg.com\/fi\/#organization","name":"Compass HRG","url":"https:\/\/www.compasshrg.com\/fi\/","logo":{"@type":"ImageObject","inLanguage":"fi","@id":"https:\/\/www.compasshrg.com\/fi\/#\/schema\/logo\/image\/","url":"","contentUrl":"","caption":"Compass HRG"},"image":{"@id":"https:\/\/www.compasshrg.com\/fi\/#\/schema\/logo\/image\/"},"sameAs":["https:\/\/www.facebook.com\/compasshrgdk"]},{"@type":"Person","@id":"https:\/\/www.compasshrg.com\/fi\/#\/schema\/person\/760340e85028fefe963c243ce0a05198","name":"Sanna Korhonen","image":{"@type":"ImageObject","inLanguage":"fi","@id":"https:\/\/www.compasshrg.com\/fi\/#\/schema\/person\/image\/","url":"https:\/\/secure.gravatar.com\/avatar\/dbd299564355ed1642adad3854a05d02b2a8aa09025a33854756b97c0630b87c?s=96&d=mm&r=g","contentUrl":"https:\/\/secure.gravatar.com\/avatar\/dbd299564355ed1642adad3854a05d02b2a8aa09025a33854756b97c0630b87c?s=96&d=mm&r=g","caption":"Sanna Korhonen"}}]}},"_links":{"self":[{"href":"https:\/\/www.compasshrg.com\/fi\/wp-json\/wp\/v2\/posts\/280780","targetHints":{"allow":["GET"]}}],"collection":[{"href":"https:\/\/www.compasshrg.com\/fi\/wp-json\/wp\/v2\/posts"}],"about":[{"href":"https:\/\/www.compasshrg.com\/fi\/wp-json\/wp\/v2\/types\/post"}],"author":[{"embeddable":true,"href":"https:\/\/www.compasshrg.com\/fi\/wp-json\/wp\/v2\/users\/90"}],"replies":[{"embeddable":true,"href":"https:\/\/www.compasshrg.com\/fi\/wp-json\/wp\/v2\/comments?post=280780"}],"version-history":[{"count":21,"href":"https:\/\/www.compasshrg.com\/fi\/wp-json\/wp\/v2\/posts\/280780\/revisions"}],"predecessor-version":[{"id":280952,"href":"https:\/\/www.compasshrg.com\/fi\/wp-json\/wp\/v2\/posts\/280780\/revisions\/280952"}],"wp:featuredmedia":[{"embeddable":true,"href":"https:\/\/www.compasshrg.com\/fi\/wp-json\/wp\/v2\/media\/280953"}],"wp:attachment":[{"href":"https:\/\/www.compasshrg.com\/fi\/wp-json\/wp\/v2\/media?parent=280780"}],"wp:term":[{"taxonomy":"category","embeddable":true,"href":"https:\/\/www.compasshrg.com\/fi\/wp-json\/wp\/v2\/categories?post=280780"},{"taxonomy":"post_tag","embeddable":true,"href":"https:\/\/www.compasshrg.com\/fi\/wp-json\/wp\/v2\/tags?post=280780"}],"curies":[{"name":"wp","href":"https:\/\/api.w.org\/{rel}","templated":true}]}}