{"id":258709,"date":"2023-10-02T10:38:47","date_gmt":"2023-10-02T08:38:47","guid":{"rendered":"https:\/\/www.compasshrg.com\/?p=258709"},"modified":"2024-01-30T11:15:18","modified_gmt":"2024-01-30T10:15:18","slug":"hagen-as-fortsetter-samarbeidet-med-compass-ny-salgsdirektor-er-pa-plass","status":"publish","type":"post","link":"https:\/\/www.compasshrg.com\/no\/blog\/hagen-as-fortsetter-samarbeidet-med-compass-ny-salgsdirektor-er-pa-plass\/","title":{"rendered":"Hagen AS fortsetter samarbeidet med Compass &#8211; ny salgsdirekt\u00f8r er p\u00e5 plass"},"content":{"rendered":"<p>[et_pb_section fb_built=&raquo;1&#8243; _builder_version=&raquo;4.22.2&#8243; _module_preset=&raquo;default&raquo; custom_margin=&raquo;0px||0px||false|false&raquo; custom_padding=&raquo;0px||0px||false|false&raquo; collapsed=&raquo;off&raquo; global_colors_info=&raquo;{}&raquo; theme_builder_area=&raquo;post_content&raquo;][et_pb_row admin_label=&raquo;Row&raquo; _builder_version=&raquo;4.22.2&#8243; _module_preset=&raquo;default&raquo; custom_margin=&raquo;0px||0px||false|false&raquo; custom_padding=&raquo;0px||2rem||false|false&raquo; collapsed=&raquo;off&raquo; global_colors_info=&raquo;{}&raquo; theme_builder_area=&raquo;post_content&raquo;][et_pb_column type=&raquo;4_4&#8243; _builder_version=&raquo;4.16&#8243; _module_preset=&raquo;default&raquo; global_colors_info=&raquo;{}&raquo; theme_builder_area=&raquo;post_content&raquo;][et_pb_text admin_label=&raquo;Innledning&raquo; module_id=&raquo;#Om-executive-search&raquo; _builder_version=&raquo;4.22.2&#8243; _module_preset=&raquo;default&raquo; global_colors_info=&raquo;{}&raquo; theme_builder_area=&raquo;post_content&raquo;]<\/p>\n<p><b><span data-contrast=\"auto\">Som f\u00f8lge av en vekst p\u00e5 50 % de siste \u00e5rene \u00f8ker Hagen AS sitt behov og krav til ny kompetanse og drivkraft. I en travel hverdag valgte Hagen AS atter en gang \u00e5 se i retning av Compass for et samarbeid om \u00e5 finne en ny salgssjef i et konkurransepreget marked. <\/span><\/b><b><span data-contrast=\"none\">Strategisk rekruttering og effektiv kommunikasjon krevde ikke bare samarbeid for \u00e5 l\u00f8se utfordringene, men<span style=\"font-size: medium;\"> har ogs\u00e5 lagt fundamentet for en lovende framtid.<\/span><\/span><\/b><span data-ccp-props=\"{&quot;201341983&quot;:0,&quot;335551550&quot;:2,&quot;335551620&quot;:2,&quot;335559739&quot;:160,&quot;335559740&quot;:259}\" style=\"font-size: medium;\">\u00a0<\/span><span data-ccp-props=\"{&quot;201341983&quot;:0,&quot;335551550&quot;:2,&quot;335551620&quot;:2,&quot;335559739&quot;:160,&quot;335559740&quot;:259}\" style=\"font-size: medium;\"><\/span><\/p>\n<p><span data-ccp-props=\"{&quot;201341983&quot;:0,&quot;335551550&quot;:2,&quot;335551620&quot;:2,&quot;335559739&quot;:160,&quot;335559740&quot;:259}\" style=\"font-size: medium;\"><\/span><\/p>\n<p>[\/et_pb_text][et_pb_text admin_label=&raquo;Tekst&raquo; _builder_version=&raquo;4.22.2&#8243; _module_preset=&raquo;default&raquo; custom_padding=&raquo;|||0px||&raquo; border_radii=&raquo;on|5px|5px|5px|5px&raquo; global_colors_info=&raquo;{}&raquo; theme_builder_area=&raquo;post_content&raquo;]<\/p>\n<p><span style=\"color: #1eaee2;\"><b>Om Hagen AS<br \/><\/b><\/span><span data-contrast=\"auto\" style=\"font-size: 16px;\">Hagen AS er et familieeid selskap med hovedkontor og fabrikk i Stryn. De er i dag markedsleder i Norge innen tretrapper med rundt 140 ansatte og en omsetning p\u00e5 rundt NOK 270 MIO hvilket inneb\u00e6rer en vekst p\u00e5 n\u00e6r 50% over de 5 siste \u00e5rene. <\/span><span data-contrast=\"auto\" style=\"font-size: 16px;\">Virksomheten ledes av John Herman Foss Hagen. Selskapet har de siste \u00e5rene satset mye p\u00e5 industriell teknologiutvikling for \u00e5 effektivisere, skape h\u00f8yere grad av fleksibilitet i produksjon, utvikle nye produkter og for \u00e5 kunne m\u00f8te morgendagens krav fra markedet. Parallelt med dette har de satset p\u00e5 \u00e5 profesjonalisere salgsorganisasjonen ved \u00e5 hente inn nye eksterne ressurser i sentrale roller i tillegg til \u00e5 \u00e5pne showroom\/butikker flere steder i landet.\u00a0<\/span><span data-ccp-props=\"{&quot;201341983&quot;:0,&quot;335559739&quot;:160,&quot;335559740&quot;:259}\" style=\"font-size: 16px;\">\u00a0<\/span><\/p>\n<p><span style=\"font-size: small;\"><strong><a href=\"https:\/\/www.hagen.eu\/?gad=1&amp;gclid=EAIaIQobChMInqeWjfq9gQMVApeyCh2hrA1wEAAYASAAEgKMYfD_BwE\">Les mer om Hagen AS her<\/a>\u00a0<\/strong><\/span><\/p>\n<h4 aria-level=\"2\"><span style=\"color: #1eaee2;\"><b>Vellykket rekruttering: Compass HRGs rolle i Hagens vekst<\/b>\u00a0<\/span><\/h4>\n<p><span data-contrast=\"auto\">Compass HRG har bist\u00e5tt Hagen AS med \u00e5 rekruttere salgssjef\/salgsdirekt\u00f8r, noe som resulterte i en vellykket opplevelse. Tidligere har Compass bist\u00e5tt Hagen ved rekruttering av blant annet selgere og regionssjef. Rekrutteringen av en dyktig salgssjef var en viktig del av Hagens fremtidsrettede forretningsstrategi da de \u00f8nsket \u00e5 l\u00f8fte salgsorganisasjonen samtidig som de rigget organisasjonen for videre vekst.\u00a0<\/span><span data-ccp-props=\"{&quot;201341983&quot;:0,&quot;335559739&quot;:160,&quot;335559740&quot;:259}\">\u00a0<\/span><\/p>\n<p><span data-contrast=\"auto\">Hagen AS legger ikke skjul p\u00e5 at de siste \u00e5rene med stor vekst har krevd mye ressurser av organisasjon og ledelse, og \u00f8nsket om en \u00e5 f\u00e5 inn en ekstern kandidat med solid bakgrunn klaffet ikke med en ellers travel hverdag. John Herman Hagen, administrerende direkt\u00f8r i Hagen AS, bestemte seg for \u00e5 samarbeide med Compass HRG etter flere vellykkede rekrutteringer av sentrale roller i salgsorganisasjonen.\u00a0<\/span><span data-ccp-props=\"{&quot;201341983&quot;:0,&quot;335559739&quot;:160,&quot;335559740&quot;:259}\">\u00a0<\/span><\/p>\n<p><span data-ccp-props=\"{&quot;201341983&quot;:0,&quot;335559739&quot;:160,&quot;335559740&quot;:259}\"><img loading=\"lazy\" decoding=\"async\" src=\"https:\/\/www.compasshrg.com\/wp-content\/uploads\/2023\/09\/thumbnail.jpg\" width=\"280\" height=\"196\" alt=\"\" class=\"wp-image-258742 alignnone size-full\" style=\"display: block; margin-left: auto; margin-right: auto;\" srcset=\"https:\/\/www.compasshrg.com\/wp-content\/uploads\/2023\/09\/thumbnail.jpg 280w, https:\/\/www.compasshrg.com\/wp-content\/uploads\/2023\/09\/thumbnail-143x100.jpg 143w\" sizes=\"(max-width: 280px) 100vw, 280px\" \/><\/span><\/p>\n<p><span data-contrast=\"auto\">Etter rekrutteringsprosessen ved Compass HRG uttrykte John Herman stor tilfredshet med sin erfaring. Han ble l\u00f8pende orientert om fremdriften i prosessen og var involvert i beslutningene. Han hadde direkte samtaler med kandidater og ber\u00f8mmet Compass sin kvalitet i searcharbeid, evnen til \u00e5 f\u00e5 frem gode kandidater og sin transparente dialog.\u00a0<\/span><span data-ccp-props=\"{&quot;201341983&quot;:0,&quot;335559739&quot;:160,&quot;335559740&quot;:259}\">\u00a0<\/span><\/p>\n<blockquote>\n<p style=\"text-align: center;\"><span style=\"color: #61c6eb;\"><i>\u2013 Det var imidlertid ingen s\u00e6rskilt enkel rekruttering, da det er stor konkurranse om de beste kandidatene i det norske markedet, legger John Herman til.<\/i>\u00a0<\/span><\/p>\n<\/blockquote>\n<p style=\"text-align: left;\"><span data-contrast=\"auto\">John Herman ber\u00f8mmer ogs\u00e5 Compass sin researchtjeneste med \u00ab<\/span><i><span data-contrast=\"auto\">et apparat til \u00e5 grave etter gull i uutforsket terreng\u00bb, <\/span><\/i><span data-contrast=\"auto\">hvor Compass kommer i kontakt med flere potensielle kandidater, og innr\u00f8mmer at det er fint \u00e5 involvere spesialister i denne type arbeid. Dette gjorde at de fikk mange sterke kandidater \u00e5 velge mellom.<\/span><span><br \/><\/span><span data-ccp-props=\"{&quot;201341983&quot;:0,&quot;335559739&quot;:160,&quot;335559740&quot;:259}\">\u00a0<\/span><\/p>\n<h4 aria-level=\"2\"><span style=\"color: #1eaee2;\"><b>En kulturmatch: Compass HRGs forst\u00e5else av Hagens identitet<\/b>\u00a0<\/span><\/h4>\n<p><span data-contrast=\"auto\">Ingen av kandidatene som Compass presenterte for Hagen ble diskvalifisert p\u00e5 grunn av manglende kulturell match. Compass viste evnen til \u00e5 identifisere og forst\u00e5 Hagens unike kultur. Bj\u00f8rn Erik Graff, Managing Partner i Compass Norge uttaler:\u00a0<\/span><span data-contrast=\"auto\">\u00a0<\/span><span data-ccp-props=\"{&quot;201341983&quot;:0,&quot;335559739&quot;:160,&quot;335559740&quot;:259}\"> <\/span><\/p>\n<blockquote>\n<p style=\"text-align: center;\"><span style=\"font-size: medium; color: #61c6eb;\"><i style=\"text-align: center;\">&#8211; Forst\u00e5elsen av en virksomhets bedriftskultur og virkelig kunne matche det opp mot en kandidats erfaring, personlige egenskaper, verdier og motivasjon er sentralt for oss som jobber i Compass.<\/i><\/span><\/p>\n<\/blockquote>\n<p aria-level=\"2\"><span data-ccp-props=\"{&quot;134245418&quot;:true,&quot;134245529&quot;:true,&quot;201341983&quot;:0,&quot;335559738&quot;:40,&quot;335559739&quot;:0,&quot;335559740&quot;:259}\"><\/span><\/p>\n<p><span style=\"font-size: large;\"><b style=\"color: #1eaee2;\">Ser frem til fremtidig samarbeid\u00a0<\/b><\/span><span style=\"color: #1eaee2; font-size: 16px;\">\u00a0<\/span><\/p>\n<p><span data-contrast=\"auto\">Compass har bist\u00e5tt Hagen i rekruttering av salgsledere og selgere over flere \u00e5r. Begge parter opplever samarbeidet som en positiv reise. Bj\u00f8rn Erik Graff skryter for \u00f8vrig av samarbeidet gjennom en spennende vekst og bransje \u00e5 operere og levere i. John Herman ser frem til fremtidige samarbeid med Compass, og setter pris p\u00e5 Compass sin evne til \u00e5 levere effektive og m\u00e5lrettede rekrutteringsl\u00f8sninger.<\/span><span data-ccp-props=\"{&quot;201341983&quot;:0,&quot;335559739&quot;:160,&quot;335559740&quot;:259}\">\u00a0 Evnen til \u00e5 forst\u00e5 kulturen og behovet har hjulpet Hagen AS med \u00e5 bygge en salgsorganisasjon for fremtiden.<\/span><\/p>\n<blockquote>\n<p style=\"text-align: center;\"><span style=\"color: #61c6eb;\"><i>\u00abCompass vil for oss v\u00e6re en bro mellom kvalifikasjoner og ambisjoner\u00bb.<\/i>\u00a0<\/span><\/p>\n<\/blockquote>\n<p>[\/et_pb_text][et_pb_text admin_label=&raquo;Infoboks (ES)&raquo; _builder_version=&raquo;4.22.2&#8243; _module_preset=&raquo;default&raquo; text_text_color=&raquo;#1EAEE2&#8243; text_font_size=&raquo;11px&raquo; background_color=&raquo;RGBA(255,255,255,0)&raquo; custom_margin=&raquo;|40px||30px|false|false&raquo; link_option_url_new_window=&raquo;on&raquo; hover_enabled=&raquo;0&#8243; border_radii=&raquo;on|3px|3px|3px|3px&raquo; border_width_all=&raquo;2px&raquo; border_color_all=&raquo;#61C6EB&raquo; box_shadow_style=&raquo;preset1&#8243; box_shadow_horizontal_last_edited=&raquo;off|desktop&raquo; global_colors_info=&raquo;{}&raquo; theme_builder_area=&raquo;post_content&raquo; sticky_enabled=&raquo;0&#8243;]<\/p>\n<p style=\"text-align: center;\"><span style=\"font-size: x-small; color: #00ccff;\"><span style=\"font-size: small;\"><b><\/b><\/span><\/span><\/p>\n<h4 style=\"text-align: center;\"><span style=\"font-size: small; color: #00ccff;\"><a href=\"#om-executive-search\">Om v\u00e5r Executive Search-tjeneste<\/a><\/span><\/h4>\n<p style=\"text-align: center;\"><span style=\"font-size: x-small; color: #00ccff;\">N\u00e5r et selskap st\u00e5r overfor behovet for \u00e5 styrke sin organisasjon med en n\u00f8kkelstilling, innser mange bedrifter at<br \/>de verken har tilstrekkelig tid eller kompetanse til \u00e5 finne den ideelle kandidaten. Dette blir spesielt tydelig<br \/>n\u00e5r man<\/span><span style=\"color: #00ccff; font-size: x-small;\">vurderer de potensielle konsekvensene av en feilrekruttering p\u00e5 lederniv\u00e5, som inkluderer \u00f8konomiske<br \/>kostnader, interne forstyrrelser og misforn\u00f8yde ansatte.\u00a0 En utvelgelse gjennom et Executive Search-selskap skal<br \/>filtrere og sile ut den rette s\u00f8keren, men Compass\u2019 Executive Search-tjeneste har i tillegg et stort og effektivt<br \/>research-apparat som spesialiserer seg p\u00e5 \u00e5 identifisere og grave frem gode kandidater man aldri ellers ville<br \/>kommet over. Dette frigj\u00f8r verdifull tid for oppdragsgivere som ofte mangler ressurser til selv \u00e5 utf\u00f8re en slik prosess.\u00a0<\/span><\/p>\n<p style=\"text-align: center;\"><span style=\"color: #00ccff; font-size: x-small;\"><\/span><\/p>\n<p>[\/et_pb_text][\/et_pb_column][\/et_pb_row][\/et_pb_section]<\/p>\n","protected":false},"excerpt":{"rendered":"<p>Hagen AS kunne velge mellom en rekke gode kandidater som v\u00e5r Executive Search tjeneste kunne presentere<\/p>\n","protected":false},"author":5,"featured_media":258790,"comment_status":"closed","ping_status":"closed","sticky":false,"template":"","format":"standard","meta":{"_acf_changed":false,"_et_pb_use_builder":"on","_et_pb_old_content":"","_et_gb_content_width":"","om_disable_all_campaigns":false,"inline_featured_image":false,"_uf_show_specific_survey":0,"_uf_disable_surveys":false,"footnotes":""},"categories":[1,85],"tags":[],"class_list":["post-258709","post","type-post","status-publish","format-standard","has-post-thumbnail","hentry","category-uncategorized","category-uncategorized-no"],"acf":[],"yoast_head":"<!-- This site is optimized with the Yoast SEO plugin v27.1.1 - https:\/\/yoast.com\/product\/yoast-seo-wordpress\/ -->\n<title>Hagen AS fortsetter samarbeidet med Compass - ny salgsdirekt\u00f8r er p\u00e5 plass - Compass HRG<\/title>\n<meta name=\"robots\" content=\"index, follow, max-snippet:-1, max-image-preview:large, max-video-preview:-1\" \/>\n<link rel=\"canonical\" href=\"https:\/\/www.compasshrg.com\/no\/blog\/hagen-as-fortsetter-samarbeidet-med-compass-ny-salgsdirektor-er-pa-plass\/\" \/>\n<meta property=\"og:locale\" content=\"nb_NO\" \/>\n<meta property=\"og:type\" content=\"article\" \/>\n<meta property=\"og:title\" content=\"Hagen AS fortsetter samarbeidet med Compass - ny salgsdirekt\u00f8r er p\u00e5 plass - Compass HRG\" \/>\n<meta property=\"og:description\" content=\"Hagen AS kunne velge mellom en rekke gode kandidater som v\u00e5r Executive Search tjeneste kunne presentere\" \/>\n<meta property=\"og:url\" content=\"https:\/\/www.compasshrg.com\/no\/blog\/hagen-as-fortsetter-samarbeidet-med-compass-ny-salgsdirektor-er-pa-plass\/\" \/>\n<meta property=\"og:site_name\" content=\"Compass HRG\" \/>\n<meta property=\"article:publisher\" content=\"https:\/\/www.facebook.com\/compasshrgdk\" \/>\n<meta property=\"article:published_time\" content=\"2023-10-02T08:38:47+00:00\" \/>\n<meta property=\"article:modified_time\" content=\"2024-01-30T10:15:18+00:00\" \/>\n<meta property=\"og:image\" content=\"https:\/\/www.compasshrg.com\/wp-content\/uploads\/2023\/09\/Escalia-OSAKA-EIK-SNoHVIT-12788564_1920.jpg\" \/>\n\t<meta property=\"og:image:width\" content=\"1920\" \/>\n\t<meta property=\"og:image:height\" content=\"1344\" \/>\n\t<meta property=\"og:image:type\" content=\"image\/jpeg\" \/>\n<meta name=\"author\" content=\"clg@compass.no\" \/>\n<meta name=\"twitter:card\" content=\"summary_large_image\" \/>\n<meta name=\"twitter:label1\" content=\"Skrevet av\" \/>\n\t<meta name=\"twitter:data1\" content=\"clg@compass.no\" \/>\n\t<meta name=\"twitter:label2\" content=\"Ansl. lesetid\" \/>\n\t<meta name=\"twitter:data2\" content=\"4 minutter\" \/>\n<script type=\"application\/ld+json\" class=\"yoast-schema-graph\">{\"@context\":\"https:\/\/schema.org\",\"@graph\":[{\"@type\":\"Article\",\"@id\":\"https:\/\/www.compasshrg.com\/no\/blog\/hagen-as-fortsetter-samarbeidet-med-compass-ny-salgsdirektor-er-pa-plass\/#article\",\"isPartOf\":{\"@id\":\"https:\/\/www.compasshrg.com\/no\/blog\/hagen-as-fortsetter-samarbeidet-med-compass-ny-salgsdirektor-er-pa-plass\/\"},\"author\":{\"name\":\"clg@compass.no\",\"@id\":\"https:\/\/www.compasshrg.com\/no\/#\/schema\/person\/8c46d27282cf892048f151b82447240a\"},\"headline\":\"Hagen AS fortsetter samarbeidet med Compass &#8211; ny salgsdirekt\u00f8r er p\u00e5 plass\",\"datePublished\":\"2023-10-02T08:38:47+00:00\",\"dateModified\":\"2024-01-30T10:15:18+00:00\",\"mainEntityOfPage\":{\"@id\":\"https:\/\/www.compasshrg.com\/no\/blog\/hagen-as-fortsetter-samarbeidet-med-compass-ny-salgsdirektor-er-pa-plass\/\"},\"wordCount\":978,\"publisher\":{\"@id\":\"https:\/\/www.compasshrg.com\/no\/#organization\"},\"image\":{\"@id\":\"https:\/\/www.compasshrg.com\/no\/blog\/hagen-as-fortsetter-samarbeidet-med-compass-ny-salgsdirektor-er-pa-plass\/#primaryimage\"},\"thumbnailUrl\":\"https:\/\/www.compasshrg.com\/wp-content\/uploads\/2023\/09\/Escalia-OSAKA-EIK-SNoHVIT-12788564_1920.jpg\",\"articleSection\":[\"Uncategorized\",\"Uncategorized @no\"],\"inLanguage\":\"nb-NO\"},{\"@type\":\"WebPage\",\"@id\":\"https:\/\/www.compasshrg.com\/no\/blog\/hagen-as-fortsetter-samarbeidet-med-compass-ny-salgsdirektor-er-pa-plass\/\",\"url\":\"https:\/\/www.compasshrg.com\/no\/blog\/hagen-as-fortsetter-samarbeidet-med-compass-ny-salgsdirektor-er-pa-plass\/\",\"name\":\"Hagen AS fortsetter samarbeidet med Compass - ny salgsdirekt\u00f8r er p\u00e5 plass - Compass HRG\",\"isPartOf\":{\"@id\":\"https:\/\/www.compasshrg.com\/no\/#website\"},\"primaryImageOfPage\":{\"@id\":\"https:\/\/www.compasshrg.com\/no\/blog\/hagen-as-fortsetter-samarbeidet-med-compass-ny-salgsdirektor-er-pa-plass\/#primaryimage\"},\"image\":{\"@id\":\"https:\/\/www.compasshrg.com\/no\/blog\/hagen-as-fortsetter-samarbeidet-med-compass-ny-salgsdirektor-er-pa-plass\/#primaryimage\"},\"thumbnailUrl\":\"https:\/\/www.compasshrg.com\/wp-content\/uploads\/2023\/09\/Escalia-OSAKA-EIK-SNoHVIT-12788564_1920.jpg\",\"datePublished\":\"2023-10-02T08:38:47+00:00\",\"dateModified\":\"2024-01-30T10:15:18+00:00\",\"breadcrumb\":{\"@id\":\"https:\/\/www.compasshrg.com\/no\/blog\/hagen-as-fortsetter-samarbeidet-med-compass-ny-salgsdirektor-er-pa-plass\/#breadcrumb\"},\"inLanguage\":\"nb-NO\",\"potentialAction\":[{\"@type\":\"ReadAction\",\"target\":[\"https:\/\/www.compasshrg.com\/no\/blog\/hagen-as-fortsetter-samarbeidet-med-compass-ny-salgsdirektor-er-pa-plass\/\"]}]},{\"@type\":\"ImageObject\",\"inLanguage\":\"nb-NO\",\"@id\":\"https:\/\/www.compasshrg.com\/no\/blog\/hagen-as-fortsetter-samarbeidet-med-compass-ny-salgsdirektor-er-pa-plass\/#primaryimage\",\"url\":\"https:\/\/www.compasshrg.com\/wp-content\/uploads\/2023\/09\/Escalia-OSAKA-EIK-SNoHVIT-12788564_1920.jpg\",\"contentUrl\":\"https:\/\/www.compasshrg.com\/wp-content\/uploads\/2023\/09\/Escalia-OSAKA-EIK-SNoHVIT-12788564_1920.jpg\",\"width\":1920,\"height\":1344},{\"@type\":\"BreadcrumbList\",\"@id\":\"https:\/\/www.compasshrg.com\/no\/blog\/hagen-as-fortsetter-samarbeidet-med-compass-ny-salgsdirektor-er-pa-plass\/#breadcrumb\",\"itemListElement\":[{\"@type\":\"ListItem\",\"position\":1,\"name\":\"Compass HRG\",\"item\":\"https:\/\/www.compasshrg.com\/no\/\"},{\"@type\":\"ListItem\",\"position\":2,\"name\":\"Hagen AS fortsetter samarbeidet med Compass &#8211; ny salgsdirekt\u00f8r er p\u00e5 plass\"}]},{\"@type\":\"WebSite\",\"@id\":\"https:\/\/www.compasshrg.com\/no\/#website\",\"url\":\"https:\/\/www.compasshrg.com\/no\/\",\"name\":\"Compass HRG\",\"description\":\"Your HR Service Partner\",\"publisher\":{\"@id\":\"https:\/\/www.compasshrg.com\/no\/#organization\"},\"potentialAction\":[{\"@type\":\"SearchAction\",\"target\":{\"@type\":\"EntryPoint\",\"urlTemplate\":\"https:\/\/www.compasshrg.com\/no\/?s={search_term_string}\"},\"query-input\":{\"@type\":\"PropertyValueSpecification\",\"valueRequired\":true,\"valueName\":\"search_term_string\"}}],\"inLanguage\":\"nb-NO\"},{\"@type\":\"Organization\",\"@id\":\"https:\/\/www.compasshrg.com\/no\/#organization\",\"name\":\"Compass HRG\",\"url\":\"https:\/\/www.compasshrg.com\/no\/\",\"logo\":{\"@type\":\"ImageObject\",\"inLanguage\":\"nb-NO\",\"@id\":\"https:\/\/www.compasshrg.com\/no\/#\/schema\/logo\/image\/\",\"url\":\"\",\"contentUrl\":\"\",\"caption\":\"Compass HRG\"},\"image\":{\"@id\":\"https:\/\/www.compasshrg.com\/no\/#\/schema\/logo\/image\/\"},\"sameAs\":[\"https:\/\/www.facebook.com\/compasshrgdk\"]},{\"@type\":\"Person\",\"@id\":\"https:\/\/www.compasshrg.com\/no\/#\/schema\/person\/8c46d27282cf892048f151b82447240a\",\"name\":\"clg@compass.no\",\"image\":{\"@type\":\"ImageObject\",\"inLanguage\":\"nb-NO\",\"@id\":\"https:\/\/www.compasshrg.com\/no\/#\/schema\/person\/image\/\",\"url\":\"https:\/\/secure.gravatar.com\/avatar\/693b26cbced543d896e73c41e8a47e766aaaf4638b5ca064f2a3ba3c6691a28e?s=96&d=mm&r=g\",\"contentUrl\":\"https:\/\/secure.gravatar.com\/avatar\/693b26cbced543d896e73c41e8a47e766aaaf4638b5ca064f2a3ba3c6691a28e?s=96&d=mm&r=g\",\"caption\":\"clg@compass.no\"}}]}<\/script>\n<!-- \/ Yoast SEO plugin. -->","yoast_head_json":{"title":"Hagen AS fortsetter samarbeidet med Compass - ny salgsdirekt\u00f8r er p\u00e5 plass - Compass HRG","robots":{"index":"index","follow":"follow","max-snippet":"max-snippet:-1","max-image-preview":"max-image-preview:large","max-video-preview":"max-video-preview:-1"},"canonical":"https:\/\/www.compasshrg.com\/no\/blog\/hagen-as-fortsetter-samarbeidet-med-compass-ny-salgsdirektor-er-pa-plass\/","og_locale":"nb_NO","og_type":"article","og_title":"Hagen AS fortsetter samarbeidet med Compass - ny salgsdirekt\u00f8r er p\u00e5 plass - Compass HRG","og_description":"Hagen AS kunne velge mellom en rekke gode kandidater som v\u00e5r Executive Search tjeneste kunne presentere","og_url":"https:\/\/www.compasshrg.com\/no\/blog\/hagen-as-fortsetter-samarbeidet-med-compass-ny-salgsdirektor-er-pa-plass\/","og_site_name":"Compass HRG","article_publisher":"https:\/\/www.facebook.com\/compasshrgdk","article_published_time":"2023-10-02T08:38:47+00:00","article_modified_time":"2024-01-30T10:15:18+00:00","og_image":[{"width":1920,"height":1344,"url":"https:\/\/www.compasshrg.com\/wp-content\/uploads\/2023\/09\/Escalia-OSAKA-EIK-SNoHVIT-12788564_1920.jpg","type":"image\/jpeg"}],"author":"clg@compass.no","twitter_card":"summary_large_image","twitter_misc":{"Skrevet av":"clg@compass.no","Ansl. lesetid":"4 minutter"},"schema":{"@context":"https:\/\/schema.org","@graph":[{"@type":"Article","@id":"https:\/\/www.compasshrg.com\/no\/blog\/hagen-as-fortsetter-samarbeidet-med-compass-ny-salgsdirektor-er-pa-plass\/#article","isPartOf":{"@id":"https:\/\/www.compasshrg.com\/no\/blog\/hagen-as-fortsetter-samarbeidet-med-compass-ny-salgsdirektor-er-pa-plass\/"},"author":{"name":"clg@compass.no","@id":"https:\/\/www.compasshrg.com\/no\/#\/schema\/person\/8c46d27282cf892048f151b82447240a"},"headline":"Hagen AS fortsetter samarbeidet med Compass &#8211; ny salgsdirekt\u00f8r er p\u00e5 plass","datePublished":"2023-10-02T08:38:47+00:00","dateModified":"2024-01-30T10:15:18+00:00","mainEntityOfPage":{"@id":"https:\/\/www.compasshrg.com\/no\/blog\/hagen-as-fortsetter-samarbeidet-med-compass-ny-salgsdirektor-er-pa-plass\/"},"wordCount":978,"publisher":{"@id":"https:\/\/www.compasshrg.com\/no\/#organization"},"image":{"@id":"https:\/\/www.compasshrg.com\/no\/blog\/hagen-as-fortsetter-samarbeidet-med-compass-ny-salgsdirektor-er-pa-plass\/#primaryimage"},"thumbnailUrl":"https:\/\/www.compasshrg.com\/wp-content\/uploads\/2023\/09\/Escalia-OSAKA-EIK-SNoHVIT-12788564_1920.jpg","articleSection":["Uncategorized","Uncategorized @no"],"inLanguage":"nb-NO"},{"@type":"WebPage","@id":"https:\/\/www.compasshrg.com\/no\/blog\/hagen-as-fortsetter-samarbeidet-med-compass-ny-salgsdirektor-er-pa-plass\/","url":"https:\/\/www.compasshrg.com\/no\/blog\/hagen-as-fortsetter-samarbeidet-med-compass-ny-salgsdirektor-er-pa-plass\/","name":"Hagen AS fortsetter samarbeidet med Compass - ny salgsdirekt\u00f8r er p\u00e5 plass - Compass HRG","isPartOf":{"@id":"https:\/\/www.compasshrg.com\/no\/#website"},"primaryImageOfPage":{"@id":"https:\/\/www.compasshrg.com\/no\/blog\/hagen-as-fortsetter-samarbeidet-med-compass-ny-salgsdirektor-er-pa-plass\/#primaryimage"},"image":{"@id":"https:\/\/www.compasshrg.com\/no\/blog\/hagen-as-fortsetter-samarbeidet-med-compass-ny-salgsdirektor-er-pa-plass\/#primaryimage"},"thumbnailUrl":"https:\/\/www.compasshrg.com\/wp-content\/uploads\/2023\/09\/Escalia-OSAKA-EIK-SNoHVIT-12788564_1920.jpg","datePublished":"2023-10-02T08:38:47+00:00","dateModified":"2024-01-30T10:15:18+00:00","breadcrumb":{"@id":"https:\/\/www.compasshrg.com\/no\/blog\/hagen-as-fortsetter-samarbeidet-med-compass-ny-salgsdirektor-er-pa-plass\/#breadcrumb"},"inLanguage":"nb-NO","potentialAction":[{"@type":"ReadAction","target":["https:\/\/www.compasshrg.com\/no\/blog\/hagen-as-fortsetter-samarbeidet-med-compass-ny-salgsdirektor-er-pa-plass\/"]}]},{"@type":"ImageObject","inLanguage":"nb-NO","@id":"https:\/\/www.compasshrg.com\/no\/blog\/hagen-as-fortsetter-samarbeidet-med-compass-ny-salgsdirektor-er-pa-plass\/#primaryimage","url":"https:\/\/www.compasshrg.com\/wp-content\/uploads\/2023\/09\/Escalia-OSAKA-EIK-SNoHVIT-12788564_1920.jpg","contentUrl":"https:\/\/www.compasshrg.com\/wp-content\/uploads\/2023\/09\/Escalia-OSAKA-EIK-SNoHVIT-12788564_1920.jpg","width":1920,"height":1344},{"@type":"BreadcrumbList","@id":"https:\/\/www.compasshrg.com\/no\/blog\/hagen-as-fortsetter-samarbeidet-med-compass-ny-salgsdirektor-er-pa-plass\/#breadcrumb","itemListElement":[{"@type":"ListItem","position":1,"name":"Compass HRG","item":"https:\/\/www.compasshrg.com\/no\/"},{"@type":"ListItem","position":2,"name":"Hagen AS fortsetter samarbeidet med Compass &#8211; ny salgsdirekt\u00f8r er p\u00e5 plass"}]},{"@type":"WebSite","@id":"https:\/\/www.compasshrg.com\/no\/#website","url":"https:\/\/www.compasshrg.com\/no\/","name":"Compass HRG","description":"Your HR Service Partner","publisher":{"@id":"https:\/\/www.compasshrg.com\/no\/#organization"},"potentialAction":[{"@type":"SearchAction","target":{"@type":"EntryPoint","urlTemplate":"https:\/\/www.compasshrg.com\/no\/?s={search_term_string}"},"query-input":{"@type":"PropertyValueSpecification","valueRequired":true,"valueName":"search_term_string"}}],"inLanguage":"nb-NO"},{"@type":"Organization","@id":"https:\/\/www.compasshrg.com\/no\/#organization","name":"Compass HRG","url":"https:\/\/www.compasshrg.com\/no\/","logo":{"@type":"ImageObject","inLanguage":"nb-NO","@id":"https:\/\/www.compasshrg.com\/no\/#\/schema\/logo\/image\/","url":"","contentUrl":"","caption":"Compass HRG"},"image":{"@id":"https:\/\/www.compasshrg.com\/no\/#\/schema\/logo\/image\/"},"sameAs":["https:\/\/www.facebook.com\/compasshrgdk"]},{"@type":"Person","@id":"https:\/\/www.compasshrg.com\/no\/#\/schema\/person\/8c46d27282cf892048f151b82447240a","name":"clg@compass.no","image":{"@type":"ImageObject","inLanguage":"nb-NO","@id":"https:\/\/www.compasshrg.com\/no\/#\/schema\/person\/image\/","url":"https:\/\/secure.gravatar.com\/avatar\/693b26cbced543d896e73c41e8a47e766aaaf4638b5ca064f2a3ba3c6691a28e?s=96&d=mm&r=g","contentUrl":"https:\/\/secure.gravatar.com\/avatar\/693b26cbced543d896e73c41e8a47e766aaaf4638b5ca064f2a3ba3c6691a28e?s=96&d=mm&r=g","caption":"clg@compass.no"}}]}},"_links":{"self":[{"href":"https:\/\/www.compasshrg.com\/no\/wp-json\/wp\/v2\/posts\/258709","targetHints":{"allow":["GET"]}}],"collection":[{"href":"https:\/\/www.compasshrg.com\/no\/wp-json\/wp\/v2\/posts"}],"about":[{"href":"https:\/\/www.compasshrg.com\/no\/wp-json\/wp\/v2\/types\/post"}],"author":[{"embeddable":true,"href":"https:\/\/www.compasshrg.com\/no\/wp-json\/wp\/v2\/users\/5"}],"replies":[{"embeddable":true,"href":"https:\/\/www.compasshrg.com\/no\/wp-json\/wp\/v2\/comments?post=258709"}],"version-history":[{"count":34,"href":"https:\/\/www.compasshrg.com\/no\/wp-json\/wp\/v2\/posts\/258709\/revisions"}],"predecessor-version":[{"id":263731,"href":"https:\/\/www.compasshrg.com\/no\/wp-json\/wp\/v2\/posts\/258709\/revisions\/263731"}],"wp:featuredmedia":[{"embeddable":true,"href":"https:\/\/www.compasshrg.com\/no\/wp-json\/wp\/v2\/media\/258790"}],"wp:attachment":[{"href":"https:\/\/www.compasshrg.com\/no\/wp-json\/wp\/v2\/media?parent=258709"}],"wp:term":[{"taxonomy":"category","embeddable":true,"href":"https:\/\/www.compasshrg.com\/no\/wp-json\/wp\/v2\/categories?post=258709"},{"taxonomy":"post_tag","embeddable":true,"href":"https:\/\/www.compasshrg.com\/no\/wp-json\/wp\/v2\/tags?post=258709"}],"curies":[{"name":"wp","href":"https:\/\/api.w.org\/{rel}","templated":true}]}}