{"id":278145,"date":"2025-09-02T09:27:01","date_gmt":"2025-09-02T07:27:01","guid":{"rendered":"https:\/\/www.compasshrg.com\/blog\/sustainability-in-transition-a-conversation-with-adam-roy-gordon\/"},"modified":"2025-09-02T13:34:50","modified_gmt":"2025-09-02T11:34:50","slug":"baerekraft-i-endring-en-samtale-med-adam-roy-gordon","status":"publish","type":"post","link":"https:\/\/www.compasshrg.com\/no\/blog\/baerekraft-i-endring-en-samtale-med-adam-roy-gordon\/","title":{"rendered":"Sustainability in Transition &#8211; A Conversation with Adam Roy Gordon"},"content":{"rendered":"<p id=\"tw-target-text\" class=\"tw-data-text tw-text-large tw-ta\" dir=\"ltr\" data-placeholder=\"Oversettelse\" data-ved=\"2ahUKEwjntqS3-7mPAxWKgSoKHfq-FwYQ3ewLegQIChAV\" aria-label=\"Oversatt tekst: Jeg satte meg ned med Adam Roy Gordon \u2013 med erfaring fra USA, Europa, n\u00e6ringsliv, politikk og investorer \u2013 for \u00e5 utforske hvordan selskaper kan gj\u00f8re b\u00e6rekraft til en strategisk fordel.\"><span class=\"Y2IQFc\" lang=\"no\">V\u00e5r kollega <a href=\"https:\/\/www.compasshrg.com\/meet-the-team\/patrick-lyon-veirum\/\">Patrick Lyon Veirum<\/a> i Compass i Danmark satte seg ned med gr\u00fcnder og foreleser<a href=\"https:\/\/www.linkedin.com\/in\/adamroygordon\"> Adam Roy Gordon<\/a>. Han har erfaring fra USA, Europa, n\u00e6ringsliv, politikk og investorer. Samtalen dem i mellom utforsker hvordan selskaper kan gj\u00f8re b\u00e6rekraft til en strategisk fordel.<\/span><\/p>\n<p><iframe loading=\"lazy\" title=\"Adam Roy Gordon | Sustainability in Transition: A Conversation with Adam Roy Gordon | Compass HRG\" width=\"1080\" height=\"608\" src=\"https:\/\/www.youtube.com\/embed\/k4l3Qi35_As?feature=oembed\"  allow=\"accelerometer; autoplay; clipboard-write; encrypted-media; gyroscope; picture-in-picture; web-share\" referrerpolicy=\"strict-origin-when-cross-origin\" allowfullscreen><\/iframe><\/p>\n","protected":false},"excerpt":{"rendered":"<p>V\u00e5r kollega Patrick Lyon Veirum i Compass i Danmark satte seg ned med gr\u00fcnder og foreleser Adam Roy Gordon. Han har erfaring fra USA, Europa, n\u00e6ringsliv, politikk og investorer. Samtalen dem i mellom utforsker hvordan selskaper kan gj\u00f8re b\u00e6rekraft til en strategisk fordel.<\/p>\n","protected":false},"author":3,"featured_media":278129,"comment_status":"closed","ping_status":"closed","sticky":false,"template":"","format":"standard","meta":{"_acf_changed":false,"_et_pb_use_builder":"","_et_pb_old_content":"","_et_gb_content_width":"","om_disable_all_campaigns":false,"inline_featured_image":false,"_uf_show_specific_survey":0,"_uf_disable_surveys":false,"footnotes":""},"categories":[85],"tags":[],"class_list":["post-278145","post","type-post","status-publish","format-standard","has-post-thumbnail","hentry","category-uncategorized-no"],"acf":[],"yoast_head":"<!-- This site is optimized with the Yoast SEO plugin v27.1.1 - https:\/\/yoast.com\/product\/yoast-seo-wordpress\/ -->\n<title>B\u00e6rekraft i endring. En samtale med Adam Roy Gordon<\/title>\n<meta name=\"description\" content=\"Vi satte oss ned med Adam Roy Gordon for \u00e5 utforske hvordan bedrifter kan gj\u00f8re b\u00e6rekraft til en strategisk fordel.\" \/>\n<meta name=\"robots\" content=\"index, follow, max-snippet:-1, max-image-preview:large, max-video-preview:-1\" \/>\n<link rel=\"canonical\" href=\"https:\/\/www.compasshrg.com\/no\/blog\/baerekraft-i-endring-en-samtale-med-adam-roy-gordon\/\" \/>\n<meta property=\"og:locale\" content=\"nb_NO\" \/>\n<meta property=\"og:type\" content=\"article\" \/>\n<meta property=\"og:title\" content=\"B\u00e6rekraft i endring. En samtale med Adam Roy Gordon\" \/>\n<meta property=\"og:description\" content=\"Vi satte oss ned med Adam Roy Gordon for \u00e5 utforske hvordan bedrifter kan gj\u00f8re b\u00e6rekraft til en strategisk fordel.\" \/>\n<meta property=\"og:url\" content=\"https:\/\/www.compasshrg.com\/no\/blog\/baerekraft-i-endring-en-samtale-med-adam-roy-gordon\/\" \/>\n<meta property=\"og:site_name\" content=\"Compass HRG\" \/>\n<meta property=\"article:publisher\" content=\"https:\/\/www.facebook.com\/compasshrgdk\" \/>\n<meta property=\"article:published_time\" content=\"2025-09-02T07:27:01+00:00\" \/>\n<meta property=\"article:modified_time\" content=\"2025-09-02T11:34:50+00:00\" \/>\n<meta property=\"og:image\" content=\"https:\/\/www.compasshrg.com\/wp-content\/uploads\/2025\/08\/Adam-Roy-Gordon-ordon-long-interview-text.00_29_15_00.Still002.jpg\" \/>\n\t<meta property=\"og:image:width\" content=\"1122\" \/>\n\t<meta property=\"og:image:height\" content=\"932\" \/>\n\t<meta property=\"og:image:type\" content=\"image\/jpeg\" \/>\n<meta name=\"author\" content=\"astrid.rorbye@compasshrg.com\" \/>\n<meta name=\"twitter:card\" content=\"summary_large_image\" \/>\n<meta name=\"twitter:label1\" content=\"Skrevet av\" \/>\n\t<meta name=\"twitter:data1\" content=\"astrid.rorbye@compasshrg.com\" \/>\n\t<meta name=\"twitter:label2\" content=\"Ansl. lesetid\" \/>\n\t<meta name=\"twitter:data2\" content=\"1 minutt\" \/>\n<script type=\"application\/ld+json\" class=\"yoast-schema-graph\">{\"@context\":\"https:\/\/schema.org\",\"@graph\":[{\"@type\":\"Article\",\"@id\":\"https:\/\/www.compasshrg.com\/no\/blog\/baerekraft-i-endring-en-samtale-med-adam-roy-gordon\/#article\",\"isPartOf\":{\"@id\":\"https:\/\/www.compasshrg.com\/no\/blog\/baerekraft-i-endring-en-samtale-med-adam-roy-gordon\/\"},\"author\":{\"name\":\"astrid.rorbye@compasshrg.com\",\"@id\":\"https:\/\/www.compasshrg.com\/no\/#\/schema\/person\/48e7d4f61190ab6deecab6cace8732ab\"},\"headline\":\"Sustainability in Transition &#8211; A Conversation with Adam Roy Gordon\",\"datePublished\":\"2025-09-02T07:27:01+00:00\",\"dateModified\":\"2025-09-02T11:34:50+00:00\",\"mainEntityOfPage\":{\"@id\":\"https:\/\/www.compasshrg.com\/no\/blog\/baerekraft-i-endring-en-samtale-med-adam-roy-gordon\/\"},\"wordCount\":67,\"publisher\":{\"@id\":\"https:\/\/www.compasshrg.com\/no\/#organization\"},\"image\":{\"@id\":\"https:\/\/www.compasshrg.com\/no\/blog\/baerekraft-i-endring-en-samtale-med-adam-roy-gordon\/#primaryimage\"},\"thumbnailUrl\":\"https:\/\/www.compasshrg.com\/wp-content\/uploads\/2025\/08\/Adam-Roy-Gordon-ordon-long-interview-text.00_29_15_00.Still002.jpg\",\"articleSection\":[\"Uncategorized @no\"],\"inLanguage\":\"nb-NO\"},{\"@type\":\"WebPage\",\"@id\":\"https:\/\/www.compasshrg.com\/no\/blog\/baerekraft-i-endring-en-samtale-med-adam-roy-gordon\/\",\"url\":\"https:\/\/www.compasshrg.com\/no\/blog\/baerekraft-i-endring-en-samtale-med-adam-roy-gordon\/\",\"name\":\"B\u00e6rekraft i endring. En samtale med Adam Roy Gordon\",\"isPartOf\":{\"@id\":\"https:\/\/www.compasshrg.com\/no\/#website\"},\"primaryImageOfPage\":{\"@id\":\"https:\/\/www.compasshrg.com\/no\/blog\/baerekraft-i-endring-en-samtale-med-adam-roy-gordon\/#primaryimage\"},\"image\":{\"@id\":\"https:\/\/www.compasshrg.com\/no\/blog\/baerekraft-i-endring-en-samtale-med-adam-roy-gordon\/#primaryimage\"},\"thumbnailUrl\":\"https:\/\/www.compasshrg.com\/wp-content\/uploads\/2025\/08\/Adam-Roy-Gordon-ordon-long-interview-text.00_29_15_00.Still002.jpg\",\"datePublished\":\"2025-09-02T07:27:01+00:00\",\"dateModified\":\"2025-09-02T11:34:50+00:00\",\"description\":\"Vi satte oss ned med Adam Roy Gordon for \u00e5 utforske hvordan bedrifter kan gj\u00f8re b\u00e6rekraft til en strategisk fordel.\",\"breadcrumb\":{\"@id\":\"https:\/\/www.compasshrg.com\/no\/blog\/baerekraft-i-endring-en-samtale-med-adam-roy-gordon\/#breadcrumb\"},\"inLanguage\":\"nb-NO\",\"potentialAction\":[{\"@type\":\"ReadAction\",\"target\":[\"https:\/\/www.compasshrg.com\/no\/blog\/baerekraft-i-endring-en-samtale-med-adam-roy-gordon\/\"]}]},{\"@type\":\"ImageObject\",\"inLanguage\":\"nb-NO\",\"@id\":\"https:\/\/www.compasshrg.com\/no\/blog\/baerekraft-i-endring-en-samtale-med-adam-roy-gordon\/#primaryimage\",\"url\":\"https:\/\/www.compasshrg.com\/wp-content\/uploads\/2025\/08\/Adam-Roy-Gordon-ordon-long-interview-text.00_29_15_00.Still002.jpg\",\"contentUrl\":\"https:\/\/www.compasshrg.com\/wp-content\/uploads\/2025\/08\/Adam-Roy-Gordon-ordon-long-interview-text.00_29_15_00.Still002.jpg\",\"width\":1122,\"height\":932},{\"@type\":\"BreadcrumbList\",\"@id\":\"https:\/\/www.compasshrg.com\/no\/blog\/baerekraft-i-endring-en-samtale-med-adam-roy-gordon\/#breadcrumb\",\"itemListElement\":[{\"@type\":\"ListItem\",\"position\":1,\"name\":\"Compass HRG\",\"item\":\"https:\/\/www.compasshrg.com\/no\/\"},{\"@type\":\"ListItem\",\"position\":2,\"name\":\"Sustainability in Transition &#8211; A Conversation with Adam Roy Gordon\"}]},{\"@type\":\"WebSite\",\"@id\":\"https:\/\/www.compasshrg.com\/no\/#website\",\"url\":\"https:\/\/www.compasshrg.com\/no\/\",\"name\":\"Compass HRG\",\"description\":\"Your HR Service Partner\",\"publisher\":{\"@id\":\"https:\/\/www.compasshrg.com\/no\/#organization\"},\"potentialAction\":[{\"@type\":\"SearchAction\",\"target\":{\"@type\":\"EntryPoint\",\"urlTemplate\":\"https:\/\/www.compasshrg.com\/no\/?s={search_term_string}\"},\"query-input\":{\"@type\":\"PropertyValueSpecification\",\"valueRequired\":true,\"valueName\":\"search_term_string\"}}],\"inLanguage\":\"nb-NO\"},{\"@type\":\"Organization\",\"@id\":\"https:\/\/www.compasshrg.com\/no\/#organization\",\"name\":\"Compass HRG\",\"url\":\"https:\/\/www.compasshrg.com\/no\/\",\"logo\":{\"@type\":\"ImageObject\",\"inLanguage\":\"nb-NO\",\"@id\":\"https:\/\/www.compasshrg.com\/no\/#\/schema\/logo\/image\/\",\"url\":\"\",\"contentUrl\":\"\",\"caption\":\"Compass HRG\"},\"image\":{\"@id\":\"https:\/\/www.compasshrg.com\/no\/#\/schema\/logo\/image\/\"},\"sameAs\":[\"https:\/\/www.facebook.com\/compasshrgdk\"]},{\"@type\":\"Person\",\"@id\":\"https:\/\/www.compasshrg.com\/no\/#\/schema\/person\/48e7d4f61190ab6deecab6cace8732ab\",\"name\":\"astrid.rorbye@compasshrg.com\",\"image\":{\"@type\":\"ImageObject\",\"inLanguage\":\"nb-NO\",\"@id\":\"https:\/\/www.compasshrg.com\/no\/#\/schema\/person\/image\/\",\"url\":\"https:\/\/secure.gravatar.com\/avatar\/3948a8640ba2d7deb14c8031f503a7a07eedc743a55803e5670af1297d41a9c8?s=96&d=mm&r=g\",\"contentUrl\":\"https:\/\/secure.gravatar.com\/avatar\/3948a8640ba2d7deb14c8031f503a7a07eedc743a55803e5670af1297d41a9c8?s=96&d=mm&r=g\",\"caption\":\"astrid.rorbye@compasshrg.com\"}}]}<\/script>\n<!-- \/ Yoast SEO plugin. -->","yoast_head_json":{"title":"B\u00e6rekraft i endring. En samtale med Adam Roy Gordon","description":"Vi satte oss ned med Adam Roy Gordon for \u00e5 utforske hvordan bedrifter kan gj\u00f8re b\u00e6rekraft til en strategisk fordel.","robots":{"index":"index","follow":"follow","max-snippet":"max-snippet:-1","max-image-preview":"max-image-preview:large","max-video-preview":"max-video-preview:-1"},"canonical":"https:\/\/www.compasshrg.com\/no\/blog\/baerekraft-i-endring-en-samtale-med-adam-roy-gordon\/","og_locale":"nb_NO","og_type":"article","og_title":"B\u00e6rekraft i endring. En samtale med Adam Roy Gordon","og_description":"Vi satte oss ned med Adam Roy Gordon for \u00e5 utforske hvordan bedrifter kan gj\u00f8re b\u00e6rekraft til en strategisk fordel.","og_url":"https:\/\/www.compasshrg.com\/no\/blog\/baerekraft-i-endring-en-samtale-med-adam-roy-gordon\/","og_site_name":"Compass HRG","article_publisher":"https:\/\/www.facebook.com\/compasshrgdk","article_published_time":"2025-09-02T07:27:01+00:00","article_modified_time":"2025-09-02T11:34:50+00:00","og_image":[{"width":1122,"height":932,"url":"https:\/\/www.compasshrg.com\/wp-content\/uploads\/2025\/08\/Adam-Roy-Gordon-ordon-long-interview-text.00_29_15_00.Still002.jpg","type":"image\/jpeg"}],"author":"astrid.rorbye@compasshrg.com","twitter_card":"summary_large_image","twitter_misc":{"Skrevet av":"astrid.rorbye@compasshrg.com","Ansl. lesetid":"1 minutt"},"schema":{"@context":"https:\/\/schema.org","@graph":[{"@type":"Article","@id":"https:\/\/www.compasshrg.com\/no\/blog\/baerekraft-i-endring-en-samtale-med-adam-roy-gordon\/#article","isPartOf":{"@id":"https:\/\/www.compasshrg.com\/no\/blog\/baerekraft-i-endring-en-samtale-med-adam-roy-gordon\/"},"author":{"name":"astrid.rorbye@compasshrg.com","@id":"https:\/\/www.compasshrg.com\/no\/#\/schema\/person\/48e7d4f61190ab6deecab6cace8732ab"},"headline":"Sustainability in Transition &#8211; A Conversation with Adam Roy Gordon","datePublished":"2025-09-02T07:27:01+00:00","dateModified":"2025-09-02T11:34:50+00:00","mainEntityOfPage":{"@id":"https:\/\/www.compasshrg.com\/no\/blog\/baerekraft-i-endring-en-samtale-med-adam-roy-gordon\/"},"wordCount":67,"publisher":{"@id":"https:\/\/www.compasshrg.com\/no\/#organization"},"image":{"@id":"https:\/\/www.compasshrg.com\/no\/blog\/baerekraft-i-endring-en-samtale-med-adam-roy-gordon\/#primaryimage"},"thumbnailUrl":"https:\/\/www.compasshrg.com\/wp-content\/uploads\/2025\/08\/Adam-Roy-Gordon-ordon-long-interview-text.00_29_15_00.Still002.jpg","articleSection":["Uncategorized @no"],"inLanguage":"nb-NO"},{"@type":"WebPage","@id":"https:\/\/www.compasshrg.com\/no\/blog\/baerekraft-i-endring-en-samtale-med-adam-roy-gordon\/","url":"https:\/\/www.compasshrg.com\/no\/blog\/baerekraft-i-endring-en-samtale-med-adam-roy-gordon\/","name":"B\u00e6rekraft i endring. En samtale med Adam Roy Gordon","isPartOf":{"@id":"https:\/\/www.compasshrg.com\/no\/#website"},"primaryImageOfPage":{"@id":"https:\/\/www.compasshrg.com\/no\/blog\/baerekraft-i-endring-en-samtale-med-adam-roy-gordon\/#primaryimage"},"image":{"@id":"https:\/\/www.compasshrg.com\/no\/blog\/baerekraft-i-endring-en-samtale-med-adam-roy-gordon\/#primaryimage"},"thumbnailUrl":"https:\/\/www.compasshrg.com\/wp-content\/uploads\/2025\/08\/Adam-Roy-Gordon-ordon-long-interview-text.00_29_15_00.Still002.jpg","datePublished":"2025-09-02T07:27:01+00:00","dateModified":"2025-09-02T11:34:50+00:00","description":"Vi satte oss ned med Adam Roy Gordon for \u00e5 utforske hvordan bedrifter kan gj\u00f8re b\u00e6rekraft til en strategisk fordel.","breadcrumb":{"@id":"https:\/\/www.compasshrg.com\/no\/blog\/baerekraft-i-endring-en-samtale-med-adam-roy-gordon\/#breadcrumb"},"inLanguage":"nb-NO","potentialAction":[{"@type":"ReadAction","target":["https:\/\/www.compasshrg.com\/no\/blog\/baerekraft-i-endring-en-samtale-med-adam-roy-gordon\/"]}]},{"@type":"ImageObject","inLanguage":"nb-NO","@id":"https:\/\/www.compasshrg.com\/no\/blog\/baerekraft-i-endring-en-samtale-med-adam-roy-gordon\/#primaryimage","url":"https:\/\/www.compasshrg.com\/wp-content\/uploads\/2025\/08\/Adam-Roy-Gordon-ordon-long-interview-text.00_29_15_00.Still002.jpg","contentUrl":"https:\/\/www.compasshrg.com\/wp-content\/uploads\/2025\/08\/Adam-Roy-Gordon-ordon-long-interview-text.00_29_15_00.Still002.jpg","width":1122,"height":932},{"@type":"BreadcrumbList","@id":"https:\/\/www.compasshrg.com\/no\/blog\/baerekraft-i-endring-en-samtale-med-adam-roy-gordon\/#breadcrumb","itemListElement":[{"@type":"ListItem","position":1,"name":"Compass HRG","item":"https:\/\/www.compasshrg.com\/no\/"},{"@type":"ListItem","position":2,"name":"Sustainability in Transition &#8211; A Conversation with Adam Roy Gordon"}]},{"@type":"WebSite","@id":"https:\/\/www.compasshrg.com\/no\/#website","url":"https:\/\/www.compasshrg.com\/no\/","name":"Compass HRG","description":"Your HR Service Partner","publisher":{"@id":"https:\/\/www.compasshrg.com\/no\/#organization"},"potentialAction":[{"@type":"SearchAction","target":{"@type":"EntryPoint","urlTemplate":"https:\/\/www.compasshrg.com\/no\/?s={search_term_string}"},"query-input":{"@type":"PropertyValueSpecification","valueRequired":true,"valueName":"search_term_string"}}],"inLanguage":"nb-NO"},{"@type":"Organization","@id":"https:\/\/www.compasshrg.com\/no\/#organization","name":"Compass HRG","url":"https:\/\/www.compasshrg.com\/no\/","logo":{"@type":"ImageObject","inLanguage":"nb-NO","@id":"https:\/\/www.compasshrg.com\/no\/#\/schema\/logo\/image\/","url":"","contentUrl":"","caption":"Compass HRG"},"image":{"@id":"https:\/\/www.compasshrg.com\/no\/#\/schema\/logo\/image\/"},"sameAs":["https:\/\/www.facebook.com\/compasshrgdk"]},{"@type":"Person","@id":"https:\/\/www.compasshrg.com\/no\/#\/schema\/person\/48e7d4f61190ab6deecab6cace8732ab","name":"astrid.rorbye@compasshrg.com","image":{"@type":"ImageObject","inLanguage":"nb-NO","@id":"https:\/\/www.compasshrg.com\/no\/#\/schema\/person\/image\/","url":"https:\/\/secure.gravatar.com\/avatar\/3948a8640ba2d7deb14c8031f503a7a07eedc743a55803e5670af1297d41a9c8?s=96&d=mm&r=g","contentUrl":"https:\/\/secure.gravatar.com\/avatar\/3948a8640ba2d7deb14c8031f503a7a07eedc743a55803e5670af1297d41a9c8?s=96&d=mm&r=g","caption":"astrid.rorbye@compasshrg.com"}}]}},"_links":{"self":[{"href":"https:\/\/www.compasshrg.com\/no\/wp-json\/wp\/v2\/posts\/278145","targetHints":{"allow":["GET"]}}],"collection":[{"href":"https:\/\/www.compasshrg.com\/no\/wp-json\/wp\/v2\/posts"}],"about":[{"href":"https:\/\/www.compasshrg.com\/no\/wp-json\/wp\/v2\/types\/post"}],"author":[{"embeddable":true,"href":"https:\/\/www.compasshrg.com\/no\/wp-json\/wp\/v2\/users\/3"}],"replies":[{"embeddable":true,"href":"https:\/\/www.compasshrg.com\/no\/wp-json\/wp\/v2\/comments?post=278145"}],"version-history":[{"count":3,"href":"https:\/\/www.compasshrg.com\/no\/wp-json\/wp\/v2\/posts\/278145\/revisions"}],"predecessor-version":[{"id":278415,"href":"https:\/\/www.compasshrg.com\/no\/wp-json\/wp\/v2\/posts\/278145\/revisions\/278415"}],"wp:featuredmedia":[{"embeddable":true,"href":"https:\/\/www.compasshrg.com\/no\/wp-json\/wp\/v2\/media\/278129"}],"wp:attachment":[{"href":"https:\/\/www.compasshrg.com\/no\/wp-json\/wp\/v2\/media?parent=278145"}],"wp:term":[{"taxonomy":"category","embeddable":true,"href":"https:\/\/www.compasshrg.com\/no\/wp-json\/wp\/v2\/categories?post=278145"},{"taxonomy":"post_tag","embeddable":true,"href":"https:\/\/www.compasshrg.com\/no\/wp-json\/wp\/v2\/tags?post=278145"}],"curies":[{"name":"wp","href":"https:\/\/api.w.org\/{rel}","templated":true}]}}