{"id":280911,"date":"2026-01-16T11:56:53","date_gmt":"2026-01-16T10:56:53","guid":{"rendered":"https:\/\/www.compasshrg.com\/?p=280911"},"modified":"2026-01-16T12:53:07","modified_gmt":"2026-01-16T11:53:07","slug":"dei-fra-e-laering-til-praksis-i-hverdagen","status":"publish","type":"post","link":"https:\/\/www.compasshrg.com\/no\/blog\/dei-fra-e-laering-til-praksis-i-hverdagen\/","title":{"rendered":"DEI: fra e-l\u00e6ring til praksis i hverdagen"},"content":{"rendered":"<p>[et_pb_section fb_built=&raquo;1&#8243; admin_label=&raquo;section&raquo; _builder_version=&raquo;4.16&#8243; custom_padding=&raquo;||36px|||&raquo; global_colors_info=&raquo;{}&raquo;][et_pb_row _builder_version=&raquo;4.27.4&#8243; _module_preset=&raquo;default&raquo; global_colors_info=&raquo;{}&raquo;][et_pb_column type=&raquo;4_4&#8243; _builder_version=&raquo;4.27.4&#8243; _module_preset=&raquo;default&raquo; global_colors_info=&raquo;{}&raquo;][et_pb_text _builder_version=&raquo;4.27.5&#8243; _module_preset=&raquo;default&raquo; global_colors_info=&raquo;{}&raquo;]<\/p>\n<h1 data-start=\"1020\" data-end=\"1080\">Internt prosjekt om DEI<\/h1>\n<p data-start=\"231\" data-end=\"556\">Vi har samarbeidet med <a href=\"https:\/\/www.deidei.co\/\"><strong data-start=\"581\" data-end=\"591\">DeiDei<\/strong><\/a>, en l\u00e6ringsplattform og kompetansepartner innen mangfold og inkludering. Flere av v\u00e5re medarbeidere gjennomf\u00f8rte et train the trainer-kurs for \u00e5 l\u00e6re opp resten av de ansatte. Vi har n\u00e5 ogs\u00e5 gjennomf\u00f8rt e-l\u00e6ring, og er i gang med \u00e5 implementere strategier i m\u00e5ten vi kommuniserer med kunder og kandidater.<\/p>\n<p data-start=\"231\" data-end=\"556\">Les v\u00e5rt f\u00f8rste innlegg om v\u00e5rt m\u00f8te med DEI her: <a href=\"https:\/\/www.compasshrg.com\/no\/blog\/dei-i-rekruttering\/\">DEI i rekruttering: Slik styrker vi mangfold og inkludering<\/a><\/p>\n<p>[\/et_pb_text][et_pb_text _builder_version=&raquo;4.27.4&#8243; _module_preset=&raquo;default&raquo; global_colors_info=&raquo;{}&raquo;]<\/p>\n<h2 data-start=\"1020\" data-end=\"1080\">Fra e-l\u00e6ring til praksis i hverdagen<\/h2>\n<p data-start=\"1082\" data-end=\"1125\">Etter \u00e5 ha gjennomf\u00f8rt e-l\u00e6ring om DEI, er neste og viktigste steg \u00e5 omsette kunnskapen til praksis. For oss i Compass Human Resources handler dette om mer enn \u00e5 forst\u00e5 begreper og perspektiver. Det handler om hvordan vi jobber hver dag, hvordan vi m\u00f8ter kunder og kandidater, og hvordan vi tar beslutninger i rekrutteringsprosesser.<\/p>\n<p>[\/et_pb_text][et_pb_text _builder_version=&raquo;4.27.5&#8243; _module_preset=&raquo;default&raquo; global_colors_info=&raquo;{}&raquo;]<\/p>\n<h2 data-start=\"1706\" data-end=\"1753\">Hvordan vi jobber med DEI i daglig drift<\/h2>\n<p data-start=\"1755\" data-end=\"1997\">I den videre dialogen internt fokuserer vi p\u00e5 hvordan DEI kan integreres naturlig i v\u00e5r daglige drift. Det kan v\u00e6re i m\u00e5ten vi stiller sp\u00f8rsm\u00e5l p\u00e5, hvordan vi utformer stillingsprofiler, eller hvordan vi vurderer kompetanse og potensial. Sm\u00e5 justeringer i praksis kan ha stor betydning for b\u00e5de kandidatopplevelse og kvaliteten p\u00e5 leveransene v\u00e5re.<\/p>\n<p>[\/et_pb_text][et_pb_text _builder_version=&raquo;4.27.5&#8243; _module_preset=&raquo;default&raquo; global_colors_info=&raquo;{}&raquo;]<\/p>\n<h2 data-start=\"3287\" data-end=\"3356\">DEI som del av kundedialogen<\/h2>\n<p data-start=\"836\" data-end=\"1127\">Samtidig ser vi p\u00e5 hvordan DEI kan styrke kundedialogen. Ved \u00e5 v\u00e6re bevisste og oppdaterte kan vi gi bedre r\u00e5d, stille mer treffsikre sp\u00f8rsm\u00e5l og bidra med innsikt som st\u00f8tter kundens m\u00e5l. Ikke som et tillegg til rekrutteringsprosessen, men som en integrert del av god og moderne r\u00e5dgivning.<\/p>\n<p data-start=\"1129\" data-end=\"1286\" data-is-last-node=\"\" data-is-only-node=\"\">N\u00e5r kunnskap blir brukt aktivt, skaper den verdi. V\u00e5r ambisjon er at DEI skal v\u00e6re en naturlig del av hvordan vi jobber, b\u00e5de internt og i m\u00f8te med markedet.<\/p>\n<p>[\/et_pb_text][et_pb_text _builder_version=&raquo;4.27.4&#8243; _module_preset=&raquo;default&raquo; global_colors_info=&raquo;{}&raquo;]<\/p>\n<p>\u00d8nsker du hjelp til \u00e5 utvikle mer inkluderende rekrutteringsprosesser eller styrke mangfold i egen organisasjon? <strong><a href=\"https:\/\/www.compasshrg.com\/no\/kontakt\/\">Kontakt oss i dag<\/a> for en samtale om dine rekrutteringsbehov.<\/strong><\/p>\n<p>[\/et_pb_text][\/et_pb_column][\/et_pb_row][\/et_pb_section]<\/p>\n","protected":false},"excerpt":{"rendered":"<p>DEI i praksis: Slik integrerer vi mangfold og inkludering i hverdagen<\/p>\n","protected":false},"author":5,"featured_media":280924,"comment_status":"closed","ping_status":"closed","sticky":false,"template":"","format":"standard","meta":{"_acf_changed":false,"_et_pb_use_builder":"on","_et_pb_old_content":"N\u00e5r retningen bliver uklar grundet omrokeringer i ledelsen, bremses tempoet i organisationen, og b\u00e5de ledere og medarbejdere bruger tid og energi p\u00e5 at navigere i usikkerhed. For mange skift i toppen kan f\u00f8re til beslutningstr\u00e6thed, hvor organisationen mister mod og overskud til at tr\u00e6ffe de valg, der faktisk rykker.\r\n\r\nSamtidig kan en fejlrekruttering koste dyrt i form af tabte resultater, tidsspilde og en rekrutteringsproces, der m\u00e5 begynde forfra. Kort sagt: Fejlrekrutteringer p\u00e5 de \u00f8verste ledelseslag kan skabe markante udfordringer for organisationen. Netop derfor er det afg\u00f8rende at forst\u00e5, hvorfor det sker, og hvad vi kan l\u00e6re af det.\r\n<h2><\/h2>\r\n<h2>Hver anden toplederans\u00e6ttelse g\u00e5r galt \u2013 og koster dyrt<\/h2>\r\nIf\u00f8lge analyser fra McKinsey og Harvard Business Review g\u00e5r det galt for 40\u201360 % af nyansatte topledere i l\u00f8bet af deres f\u00f8rste 18 m\u00e5neder<a href=\"#_ftn1\" name=\"_ftnref1\"><sup>[1]<\/sup><\/a> <a href=\"#_ftn2\" name=\"_ftnref2\"><sup>[2]<\/sup><\/a>. Nogle m\u00e5 forlade rollen, andre bliver siddende \u2013 men uden at levere de resultater, organisationen havde brug for.\r\n\r\nFlere analyser peger desuden p\u00e5 de \u00f8konomiske konsekvenser: Prisen for en fejlrekruttering p\u00e5 ledelsesniveau kan overstige 200 % af \u00e5rsl\u00f8nnen, n\u00e5r man medregner tabt fremdrift, udskiftning, opl\u00e6ring og manglende implementering af strategiske m\u00e5l<a href=\"#_ftn3\" name=\"_ftnref3\"><sup>[3]<\/sup><\/a><a href=\"#_ftn4\" name=\"_ftnref4\"><sup>[4]<\/sup><\/a>.\r\n<h2><\/h2>\r\n<h2>Hvorfor g\u00e5r det galt?<\/h2>\r\n\u00c5rsagen til fejlrekruttering er sj\u00e6ldent mangel p\u00e5 faglige kompetencer. Problemet er oftest et mismatch mellem leder og organisation \u2013 og det opst\u00e5r typisk, fordi selve rekrutteringsrammen ikke passer til opgaven.\r\n\r\nMange processer starter med genbrug af den gamle jobbeskrivelse i stedet for en \u00e5ben analyse af, hvad organisationen reelt har brug for i n\u00e6ste fase. Resultatet bliver en profil, der matcher fortiden, men ikke fremtiden.\r\n\r\nSamtidig bliver det kulturelle match ofte undervurderet. En leder, der har haft stor succes \u00e9t sted, kan komme til kort et andet, hvis v\u00e6rdier, kommunikationsform og beslutningsstil ikke passer til organisationens kultur.\r\n\r\nEndelig overses mange af de st\u00e6rkeste kandidater, fordi de slet ikke aktivt er p\u00e5 jobmarkedet. Hvis man kun fokuserer p\u00e5 de synlige, aktivt s\u00f8gende profiler, risikerer man at udelukke netop den person, der kunne have gjort forskellen.\r\n\r\nN\u00e5r mismatchet f\u00f8rst er sket, rammer det b\u00e5de retning, resultater og relationer. Det slider p\u00e5 b\u00e5de organisationen og p\u00e5 den leder, der ofte m\u00e5 forlade rollen f\u00f8r tid.\r\n<h2><\/h2>\r\n<h2>Hvorfor executive search er n\u00f8dvendigt<\/h2>\r\nN\u00e5r s\u00e5 mange toplederans\u00e6ttelser g\u00e5r galt, skyldes det ofte, at den klassiske rekrutteringsproces ikke er tilstr\u00e6kkelig. Ledelsesrekruttering kr\u00e6ver en metode, der er tilpasset de s\u00e6rlige krav og risici p\u00e5 dette niveau \u2013 <em>executive search<\/em>.\r\n\r\n<em>Executive search<\/em> er ikke blot en l\u00e6ngere eller dyrere udgave af almindelig rekruttering. Det er en anderledes tilgang, hvor udgangspunktet ikke er en standard-jobprofil, men en strategisk dialog om organisationens retning, ambitioner og ledelsesbehov<strong>.<\/strong>\r\n\r\nDerfra arbejdes der diskret og m\u00e5lrettet med at kortl\u00e6gge relevante profiler \u2013 ogs\u00e5 blandt de kandidater, der ikke selv leder aktivt efter nyt job.\r\n\r\nFokus er ikke kun p\u00e5 kompetencer og erfaring. Lige s\u00e5 vigtigt er lederens evne til at skabe f\u00f8lgeskab, navigere i kompleksitet og underst\u00f8tte kultur og forandring<strong>.<\/strong> Og n\u00e5r lederen er fundet, stopper arbejdet ikke: opf\u00f8lgningen i de f\u00f8rste m\u00e5neder er afg\u00f8rende for, at integrationen lykkes.\r\n\r\nCTA: Vil du se, hvordan en mere klassisk rekrutteringsproces ser ud fra start til slut? L\u00e6s vores artikel <em>Hvordan sikrer du en succesfuld rekruttering?<\/em> Her beskriver vi is\u00e6r rekruttering af specialister \u2013 som p\u00e5 mange m\u00e5der adskiller sig fra executive search.\r\n\r\n\u00a0\r\n<h2>Hvordan undg\u00e5r vi fejlrekruttering?<\/h2>\r\nFejlrekruttering kan aldrig elimineres helt, men risikoen kan reduceres. Hos Compass arbejder vi med nogle grundl\u00e6ggende sp\u00f8rgsm\u00e5l, som vi har erfaret, g\u00f8r forskellen for de virksomheder, vi hj\u00e6lper:\r\n<ul>\r\n \t<li>Har I en klar id\u00e9 om, hvad organisationen har brug for \u2013 og hvad I skal give slip p\u00e5?<\/li>\r\n \t<li>Er der enighed om hvilken type leder, der skal tage jer ind i n\u00e6ste fase?<\/li>\r\n \t<li>Har vi adgang til de rette kandidater \u2013 ogs\u00e5 dem, der ikke selv har rakt h\u00e5nden op?<\/li>\r\n \t<li>Matcher processen det niveau, der rekrutteres til?<\/li>\r\n \t<li>Kan vi proppe en bullet mere p\u00e5? \u2013 kunne det v\u00e6re noget med om en intern kandidat reelt set er en kandidat og om han\/hende skal med i en process for derved at sikre det rette valg?<\/li>\r\n<\/ul>\r\nVores erfaring er, at n\u00e5r rammen er sat rigtigt, \u00f8ges sandsynligheden markant for at finde det rette match. Oftest giver ekstern sparring mulighed for at se tingene i et andet perspektiv og udfordre status quo.\r\n<h2><\/h2>\r\n<h2>Afslutning<\/h2>\r\nHos Compass handler <em>executive search<\/em> ikke blot om at finde en leder, men om at hj\u00e6lpe jer som rekrutterende virksomhed med at blive helt skarpe p\u00e5, hvem I har brug for og hvorfor.\r\n\r\nDet kr\u00e6ver mod til at stille de grundl\u00e6ggende sp\u00f8rgsm\u00e5l og nogle gange give slip p\u00e5 gamle forestillinger om, hvad der virker.\r\n\r\nN\u00e5r vi lykkes med at afd\u00e6kke b\u00e5de de strategiske behov og det kulturelle fundament, bygger vi bro mellem organisationens ambitioner og lederens kompetencer og drivkr\u00e6fter.\r\n\r\nDen indsigt er afg\u00f8rende for at minimere risikoen for fejlrekruttering \u2013 og skabe reel v\u00e6rdi p\u00e5 b\u00e5de den korte og den lange bane.\r\n\r\nVores resultater taler for sig selv: kun 1-2 % af vores executive opgaver ender som garantisager.\r\n\r\nM\u00e5ler I selv p\u00e5, hvor ofte jeres ledelsesrekrutteringer rammer ved siden af, og hvad koster det jer?\r\n\r\n\u00a0\r\n\r\n<a href=\"#_ftnref1\" name=\"_ftn1\"><sup>[1]<\/sup><\/a> McKinsey & Company (2021): <em>It really isn\u2019t about 100 days<\/em>\r\nhttps:\/\/www.mckinsey.com\/capabilities\/people-and-organizational-performance\/our-insights\/the-organization-blog\/it-really-isnt-about-100-days\r\n\r\n<a href=\"#_ftnref2\" name=\"_ftn2\"><sup>[2]<\/sup><\/a> Harvard Business Review (2017): <em>Executives Fail to Execute Strategy Because They\u2019re Too Internally Focused<\/em>\r\n<a href=\"https:\/\/hbr.org\/2017\/11\/executives-fail-to-execute-strategy-because-theyre-too-internally-focused\">https:\/\/hbr.org\/2017\/11\/executives-fail-to-execute-strategy-because-theyre-too-internally-focused<\/a>\r\n\r\n<a href=\"#_ftnref3\" name=\"_ftn3\"><sup>[3]<\/sup><\/a> Primethos (2022): <em>The Cost of a Bad Executive Hire<\/em>\r\nhttps:\/\/primethos.com\/the-cost-of-a-bad-executive-hire\/\r\n\r\n<a href=\"#_ftnref4\" name=\"_ftn4\"><sup>[4]<\/sup><\/a> Redline Executive (2023): <em>The Real Cost of Hiring the Wrong Executive<\/em>\r\nhttps:\/\/www.redlineexecutive.com\/content-hub\/the-real-cost-of-hiring-the-wrong-executive","_et_gb_content_width":"","om_disable_all_campaigns":false,"inline_featured_image":false,"_uf_show_specific_survey":0,"_uf_disable_surveys":false,"footnotes":""},"categories":[85],"tags":[],"class_list":["post-280911","post","type-post","status-publish","format-standard","has-post-thumbnail","hentry","category-uncategorized-no"],"acf":[],"yoast_head":"<!-- This site is optimized with the Yoast SEO plugin v27.1.1 - https:\/\/yoast.com\/product\/yoast-seo-wordpress\/ -->\n<title>DEI i rekruttering: integrere mangfold og inkludering i hverdagen<\/title>\n<meta name=\"description\" content=\"Etter gjennomf\u00f8rt DEI e-l\u00e6ring jobber Compass Human Resources med \u00e5 integrere mangfold og inkludering i daglig drift og kundedialog.\" \/>\n<meta name=\"robots\" content=\"index, follow, max-snippet:-1, max-image-preview:large, max-video-preview:-1\" \/>\n<link rel=\"canonical\" href=\"https:\/\/www.compasshrg.com\/no\/blog\/dei-fra-e-laering-til-praksis-i-hverdagen\/\" \/>\n<meta property=\"og:locale\" content=\"nb_NO\" \/>\n<meta property=\"og:type\" content=\"article\" \/>\n<meta property=\"og:title\" content=\"DEI i rekruttering: integrere mangfold og inkludering i hverdagen\" \/>\n<meta property=\"og:description\" content=\"Etter gjennomf\u00f8rt DEI e-l\u00e6ring jobber Compass Human Resources med \u00e5 integrere mangfold og inkludering i daglig drift og kundedialog.\" \/>\n<meta property=\"og:url\" content=\"https:\/\/www.compasshrg.com\/no\/blog\/dei-fra-e-laering-til-praksis-i-hverdagen\/\" \/>\n<meta property=\"og:site_name\" content=\"Compass HRG\" \/>\n<meta property=\"article:publisher\" content=\"https:\/\/www.facebook.com\/compasshrgdk\" \/>\n<meta property=\"article:published_time\" content=\"2026-01-16T10:56:53+00:00\" \/>\n<meta property=\"article:modified_time\" content=\"2026-01-16T11:53:07+00:00\" \/>\n<meta property=\"og:image\" content=\"https:\/\/www.compasshrg.com\/wp-content\/uploads\/2026\/01\/dei-i-praksis-compass-human-resources.jpg\" \/>\n\t<meta property=\"og:image:width\" content=\"607\" \/>\n\t<meta property=\"og:image:height\" content=\"392\" \/>\n\t<meta property=\"og:image:type\" content=\"image\/jpeg\" \/>\n<meta name=\"author\" content=\"clg@compass.no\" \/>\n<meta name=\"twitter:card\" content=\"summary_large_image\" \/>\n<meta name=\"twitter:label1\" content=\"Skrevet av\" \/>\n\t<meta name=\"twitter:data1\" content=\"clg@compass.no\" \/>\n\t<meta name=\"twitter:label2\" content=\"Ansl. lesetid\" \/>\n\t<meta name=\"twitter:data2\" content=\"2 minutter\" \/>\n<script type=\"application\/ld+json\" class=\"yoast-schema-graph\">{\"@context\":\"https:\/\/schema.org\",\"@graph\":[{\"@type\":\"Article\",\"@id\":\"https:\/\/www.compasshrg.com\/no\/blog\/dei-fra-e-laering-til-praksis-i-hverdagen\/#article\",\"isPartOf\":{\"@id\":\"https:\/\/www.compasshrg.com\/no\/blog\/dei-fra-e-laering-til-praksis-i-hverdagen\/\"},\"author\":{\"name\":\"clg@compass.no\",\"@id\":\"https:\/\/www.compasshrg.com\/no\/#\/schema\/person\/8c46d27282cf892048f151b82447240a\"},\"headline\":\"DEI: fra e-l\u00e6ring til praksis i hverdagen\",\"datePublished\":\"2026-01-16T10:56:53+00:00\",\"dateModified\":\"2026-01-16T11:53:07+00:00\",\"mainEntityOfPage\":{\"@id\":\"https:\/\/www.compasshrg.com\/no\/blog\/dei-fra-e-laering-til-praksis-i-hverdagen\/\"},\"wordCount\":456,\"publisher\":{\"@id\":\"https:\/\/www.compasshrg.com\/no\/#organization\"},\"image\":{\"@id\":\"https:\/\/www.compasshrg.com\/no\/blog\/dei-fra-e-laering-til-praksis-i-hverdagen\/#primaryimage\"},\"thumbnailUrl\":\"https:\/\/www.compasshrg.com\/wp-content\/uploads\/2026\/01\/dei-i-praksis-compass-human-resources.jpg\",\"articleSection\":[\"Uncategorized @no\"],\"inLanguage\":\"nb-NO\"},{\"@type\":\"WebPage\",\"@id\":\"https:\/\/www.compasshrg.com\/no\/blog\/dei-fra-e-laering-til-praksis-i-hverdagen\/\",\"url\":\"https:\/\/www.compasshrg.com\/no\/blog\/dei-fra-e-laering-til-praksis-i-hverdagen\/\",\"name\":\"DEI i rekruttering: integrere mangfold og inkludering i hverdagen\",\"isPartOf\":{\"@id\":\"https:\/\/www.compasshrg.com\/no\/#website\"},\"primaryImageOfPage\":{\"@id\":\"https:\/\/www.compasshrg.com\/no\/blog\/dei-fra-e-laering-til-praksis-i-hverdagen\/#primaryimage\"},\"image\":{\"@id\":\"https:\/\/www.compasshrg.com\/no\/blog\/dei-fra-e-laering-til-praksis-i-hverdagen\/#primaryimage\"},\"thumbnailUrl\":\"https:\/\/www.compasshrg.com\/wp-content\/uploads\/2026\/01\/dei-i-praksis-compass-human-resources.jpg\",\"datePublished\":\"2026-01-16T10:56:53+00:00\",\"dateModified\":\"2026-01-16T11:53:07+00:00\",\"description\":\"Etter gjennomf\u00f8rt DEI e-l\u00e6ring jobber Compass Human Resources med \u00e5 integrere mangfold og inkludering i daglig drift og kundedialog.\",\"breadcrumb\":{\"@id\":\"https:\/\/www.compasshrg.com\/no\/blog\/dei-fra-e-laering-til-praksis-i-hverdagen\/#breadcrumb\"},\"inLanguage\":\"nb-NO\",\"potentialAction\":[{\"@type\":\"ReadAction\",\"target\":[\"https:\/\/www.compasshrg.com\/no\/blog\/dei-fra-e-laering-til-praksis-i-hverdagen\/\"]}]},{\"@type\":\"ImageObject\",\"inLanguage\":\"nb-NO\",\"@id\":\"https:\/\/www.compasshrg.com\/no\/blog\/dei-fra-e-laering-til-praksis-i-hverdagen\/#primaryimage\",\"url\":\"https:\/\/www.compasshrg.com\/wp-content\/uploads\/2026\/01\/dei-i-praksis-compass-human-resources.jpg\",\"contentUrl\":\"https:\/\/www.compasshrg.com\/wp-content\/uploads\/2026\/01\/dei-i-praksis-compass-human-resources.jpg\",\"width\":607,\"height\":392,\"caption\":\"Slik jobber vi med mangfold og inkludering i hverdagen\"},{\"@type\":\"BreadcrumbList\",\"@id\":\"https:\/\/www.compasshrg.com\/no\/blog\/dei-fra-e-laering-til-praksis-i-hverdagen\/#breadcrumb\",\"itemListElement\":[{\"@type\":\"ListItem\",\"position\":1,\"name\":\"Compass HRG\",\"item\":\"https:\/\/www.compasshrg.com\/no\/\"},{\"@type\":\"ListItem\",\"position\":2,\"name\":\"DEI: fra e-l\u00e6ring til praksis i hverdagen\"}]},{\"@type\":\"WebSite\",\"@id\":\"https:\/\/www.compasshrg.com\/no\/#website\",\"url\":\"https:\/\/www.compasshrg.com\/no\/\",\"name\":\"Compass HRG\",\"description\":\"Your HR Service Partner\",\"publisher\":{\"@id\":\"https:\/\/www.compasshrg.com\/no\/#organization\"},\"potentialAction\":[{\"@type\":\"SearchAction\",\"target\":{\"@type\":\"EntryPoint\",\"urlTemplate\":\"https:\/\/www.compasshrg.com\/no\/?s={search_term_string}\"},\"query-input\":{\"@type\":\"PropertyValueSpecification\",\"valueRequired\":true,\"valueName\":\"search_term_string\"}}],\"inLanguage\":\"nb-NO\"},{\"@type\":\"Organization\",\"@id\":\"https:\/\/www.compasshrg.com\/no\/#organization\",\"name\":\"Compass HRG\",\"url\":\"https:\/\/www.compasshrg.com\/no\/\",\"logo\":{\"@type\":\"ImageObject\",\"inLanguage\":\"nb-NO\",\"@id\":\"https:\/\/www.compasshrg.com\/no\/#\/schema\/logo\/image\/\",\"url\":\"\",\"contentUrl\":\"\",\"caption\":\"Compass HRG\"},\"image\":{\"@id\":\"https:\/\/www.compasshrg.com\/no\/#\/schema\/logo\/image\/\"},\"sameAs\":[\"https:\/\/www.facebook.com\/compasshrgdk\"]},{\"@type\":\"Person\",\"@id\":\"https:\/\/www.compasshrg.com\/no\/#\/schema\/person\/8c46d27282cf892048f151b82447240a\",\"name\":\"clg@compass.no\",\"image\":{\"@type\":\"ImageObject\",\"inLanguage\":\"nb-NO\",\"@id\":\"https:\/\/www.compasshrg.com\/no\/#\/schema\/person\/image\/\",\"url\":\"https:\/\/secure.gravatar.com\/avatar\/693b26cbced543d896e73c41e8a47e766aaaf4638b5ca064f2a3ba3c6691a28e?s=96&d=mm&r=g\",\"contentUrl\":\"https:\/\/secure.gravatar.com\/avatar\/693b26cbced543d896e73c41e8a47e766aaaf4638b5ca064f2a3ba3c6691a28e?s=96&d=mm&r=g\",\"caption\":\"clg@compass.no\"}}]}<\/script>\n<!-- \/ Yoast SEO plugin. -->","yoast_head_json":{"title":"DEI i rekruttering: integrere mangfold og inkludering i hverdagen","description":"Etter gjennomf\u00f8rt DEI e-l\u00e6ring jobber Compass Human Resources med \u00e5 integrere mangfold og inkludering i daglig drift og kundedialog.","robots":{"index":"index","follow":"follow","max-snippet":"max-snippet:-1","max-image-preview":"max-image-preview:large","max-video-preview":"max-video-preview:-1"},"canonical":"https:\/\/www.compasshrg.com\/no\/blog\/dei-fra-e-laering-til-praksis-i-hverdagen\/","og_locale":"nb_NO","og_type":"article","og_title":"DEI i rekruttering: integrere mangfold og inkludering i hverdagen","og_description":"Etter gjennomf\u00f8rt DEI e-l\u00e6ring jobber Compass Human Resources med \u00e5 integrere mangfold og inkludering i daglig drift og kundedialog.","og_url":"https:\/\/www.compasshrg.com\/no\/blog\/dei-fra-e-laering-til-praksis-i-hverdagen\/","og_site_name":"Compass HRG","article_publisher":"https:\/\/www.facebook.com\/compasshrgdk","article_published_time":"2026-01-16T10:56:53+00:00","article_modified_time":"2026-01-16T11:53:07+00:00","og_image":[{"width":607,"height":392,"url":"https:\/\/www.compasshrg.com\/wp-content\/uploads\/2026\/01\/dei-i-praksis-compass-human-resources.jpg","type":"image\/jpeg"}],"author":"clg@compass.no","twitter_card":"summary_large_image","twitter_misc":{"Skrevet av":"clg@compass.no","Ansl. lesetid":"2 minutter"},"schema":{"@context":"https:\/\/schema.org","@graph":[{"@type":"Article","@id":"https:\/\/www.compasshrg.com\/no\/blog\/dei-fra-e-laering-til-praksis-i-hverdagen\/#article","isPartOf":{"@id":"https:\/\/www.compasshrg.com\/no\/blog\/dei-fra-e-laering-til-praksis-i-hverdagen\/"},"author":{"name":"clg@compass.no","@id":"https:\/\/www.compasshrg.com\/no\/#\/schema\/person\/8c46d27282cf892048f151b82447240a"},"headline":"DEI: fra e-l\u00e6ring til praksis i hverdagen","datePublished":"2026-01-16T10:56:53+00:00","dateModified":"2026-01-16T11:53:07+00:00","mainEntityOfPage":{"@id":"https:\/\/www.compasshrg.com\/no\/blog\/dei-fra-e-laering-til-praksis-i-hverdagen\/"},"wordCount":456,"publisher":{"@id":"https:\/\/www.compasshrg.com\/no\/#organization"},"image":{"@id":"https:\/\/www.compasshrg.com\/no\/blog\/dei-fra-e-laering-til-praksis-i-hverdagen\/#primaryimage"},"thumbnailUrl":"https:\/\/www.compasshrg.com\/wp-content\/uploads\/2026\/01\/dei-i-praksis-compass-human-resources.jpg","articleSection":["Uncategorized @no"],"inLanguage":"nb-NO"},{"@type":"WebPage","@id":"https:\/\/www.compasshrg.com\/no\/blog\/dei-fra-e-laering-til-praksis-i-hverdagen\/","url":"https:\/\/www.compasshrg.com\/no\/blog\/dei-fra-e-laering-til-praksis-i-hverdagen\/","name":"DEI i rekruttering: integrere mangfold og inkludering i hverdagen","isPartOf":{"@id":"https:\/\/www.compasshrg.com\/no\/#website"},"primaryImageOfPage":{"@id":"https:\/\/www.compasshrg.com\/no\/blog\/dei-fra-e-laering-til-praksis-i-hverdagen\/#primaryimage"},"image":{"@id":"https:\/\/www.compasshrg.com\/no\/blog\/dei-fra-e-laering-til-praksis-i-hverdagen\/#primaryimage"},"thumbnailUrl":"https:\/\/www.compasshrg.com\/wp-content\/uploads\/2026\/01\/dei-i-praksis-compass-human-resources.jpg","datePublished":"2026-01-16T10:56:53+00:00","dateModified":"2026-01-16T11:53:07+00:00","description":"Etter gjennomf\u00f8rt DEI e-l\u00e6ring jobber Compass Human Resources med \u00e5 integrere mangfold og inkludering i daglig drift og kundedialog.","breadcrumb":{"@id":"https:\/\/www.compasshrg.com\/no\/blog\/dei-fra-e-laering-til-praksis-i-hverdagen\/#breadcrumb"},"inLanguage":"nb-NO","potentialAction":[{"@type":"ReadAction","target":["https:\/\/www.compasshrg.com\/no\/blog\/dei-fra-e-laering-til-praksis-i-hverdagen\/"]}]},{"@type":"ImageObject","inLanguage":"nb-NO","@id":"https:\/\/www.compasshrg.com\/no\/blog\/dei-fra-e-laering-til-praksis-i-hverdagen\/#primaryimage","url":"https:\/\/www.compasshrg.com\/wp-content\/uploads\/2026\/01\/dei-i-praksis-compass-human-resources.jpg","contentUrl":"https:\/\/www.compasshrg.com\/wp-content\/uploads\/2026\/01\/dei-i-praksis-compass-human-resources.jpg","width":607,"height":392,"caption":"Slik jobber vi med mangfold og inkludering i hverdagen"},{"@type":"BreadcrumbList","@id":"https:\/\/www.compasshrg.com\/no\/blog\/dei-fra-e-laering-til-praksis-i-hverdagen\/#breadcrumb","itemListElement":[{"@type":"ListItem","position":1,"name":"Compass HRG","item":"https:\/\/www.compasshrg.com\/no\/"},{"@type":"ListItem","position":2,"name":"DEI: fra e-l\u00e6ring til praksis i hverdagen"}]},{"@type":"WebSite","@id":"https:\/\/www.compasshrg.com\/no\/#website","url":"https:\/\/www.compasshrg.com\/no\/","name":"Compass HRG","description":"Your HR Service Partner","publisher":{"@id":"https:\/\/www.compasshrg.com\/no\/#organization"},"potentialAction":[{"@type":"SearchAction","target":{"@type":"EntryPoint","urlTemplate":"https:\/\/www.compasshrg.com\/no\/?s={search_term_string}"},"query-input":{"@type":"PropertyValueSpecification","valueRequired":true,"valueName":"search_term_string"}}],"inLanguage":"nb-NO"},{"@type":"Organization","@id":"https:\/\/www.compasshrg.com\/no\/#organization","name":"Compass HRG","url":"https:\/\/www.compasshrg.com\/no\/","logo":{"@type":"ImageObject","inLanguage":"nb-NO","@id":"https:\/\/www.compasshrg.com\/no\/#\/schema\/logo\/image\/","url":"","contentUrl":"","caption":"Compass HRG"},"image":{"@id":"https:\/\/www.compasshrg.com\/no\/#\/schema\/logo\/image\/"},"sameAs":["https:\/\/www.facebook.com\/compasshrgdk"]},{"@type":"Person","@id":"https:\/\/www.compasshrg.com\/no\/#\/schema\/person\/8c46d27282cf892048f151b82447240a","name":"clg@compass.no","image":{"@type":"ImageObject","inLanguage":"nb-NO","@id":"https:\/\/www.compasshrg.com\/no\/#\/schema\/person\/image\/","url":"https:\/\/secure.gravatar.com\/avatar\/693b26cbced543d896e73c41e8a47e766aaaf4638b5ca064f2a3ba3c6691a28e?s=96&d=mm&r=g","contentUrl":"https:\/\/secure.gravatar.com\/avatar\/693b26cbced543d896e73c41e8a47e766aaaf4638b5ca064f2a3ba3c6691a28e?s=96&d=mm&r=g","caption":"clg@compass.no"}}]}},"_links":{"self":[{"href":"https:\/\/www.compasshrg.com\/no\/wp-json\/wp\/v2\/posts\/280911","targetHints":{"allow":["GET"]}}],"collection":[{"href":"https:\/\/www.compasshrg.com\/no\/wp-json\/wp\/v2\/posts"}],"about":[{"href":"https:\/\/www.compasshrg.com\/no\/wp-json\/wp\/v2\/types\/post"}],"author":[{"embeddable":true,"href":"https:\/\/www.compasshrg.com\/no\/wp-json\/wp\/v2\/users\/5"}],"replies":[{"embeddable":true,"href":"https:\/\/www.compasshrg.com\/no\/wp-json\/wp\/v2\/comments?post=280911"}],"version-history":[{"count":7,"href":"https:\/\/www.compasshrg.com\/no\/wp-json\/wp\/v2\/posts\/280911\/revisions"}],"predecessor-version":[{"id":280930,"href":"https:\/\/www.compasshrg.com\/no\/wp-json\/wp\/v2\/posts\/280911\/revisions\/280930"}],"wp:featuredmedia":[{"embeddable":true,"href":"https:\/\/www.compasshrg.com\/no\/wp-json\/wp\/v2\/media\/280924"}],"wp:attachment":[{"href":"https:\/\/www.compasshrg.com\/no\/wp-json\/wp\/v2\/media?parent=280911"}],"wp:term":[{"taxonomy":"category","embeddable":true,"href":"https:\/\/www.compasshrg.com\/no\/wp-json\/wp\/v2\/categories?post=280911"},{"taxonomy":"post_tag","embeddable":true,"href":"https:\/\/www.compasshrg.com\/no\/wp-json\/wp\/v2\/tags?post=280911"}],"curies":[{"name":"wp","href":"https:\/\/api.w.org\/{rel}","templated":true}]}}