{"id":280955,"date":"2026-01-21T14:10:44","date_gmt":"2026-01-21T13:10:44","guid":{"rendered":"https:\/\/www.compasshrg.com\/?p=280955"},"modified":"2026-01-22T11:17:39","modified_gmt":"2026-01-22T10:17:39","slug":"interimledelse-rekruttering-av-interimledere-norge","status":"publish","type":"post","link":"https:\/\/www.compasshrg.com\/no\/blog\/interimledelse-rekruttering-av-interimledere-norge\/","title":{"rendered":"Interimledelse i Norge"},"content":{"rendered":"<p>[et_pb_section fb_built=&raquo;1&#8243; _builder_version=&raquo;4.16&#8243; global_colors_info=&raquo;{}&raquo;][et_pb_row _builder_version=&raquo;4.16&#8243; background_size=&raquo;initial&raquo; background_position=&raquo;top_left&raquo; background_repeat=&raquo;repeat&raquo; global_colors_info=&raquo;{}&raquo;][et_pb_column type=&raquo;4_4&#8243; _builder_version=&raquo;4.16&#8243; custom_padding=&raquo;|||&raquo; global_colors_info=&raquo;{}&raquo; custom_padding__hover=&raquo;|||&raquo;][et_pb_text _builder_version=&raquo;4.27.5&#8243; background_size=&raquo;initial&raquo; background_position=&raquo;top_left&raquo; background_repeat=&raquo;repeat&raquo; global_colors_info=&raquo;{}&raquo;]<\/p>\n<h1 data-start=\"339\" data-end=\"671\">Interimledelse i Norge<\/h1>\n<p data-start=\"339\" data-end=\"671\">Vi har tidligere skrevet et innlegg om <a href=\"https:\/\/www.compasshrg.com\/no\/blog\/interim-en-midlertidig-losning-pa-din-bedrifts-utfordringer\/\">Interim &#8211; en midlertidig l\u00f8sning p\u00e5 din bedrifts utfordringer<\/a> her.<\/p>\n<p data-start=\"339\" data-end=\"671\">I et stadig mer uforutsigbart og konkurranseutsatt n\u00e6ringsliv blir behovet for fleksibilitet, raske beslutninger og tydelig operativ ledelse stadig viktigere. For mange virksomheter kan det \u00e5 rekruttere <strong data-start=\"542\" data-end=\"559\">interimledere<\/strong> v\u00e6re en effektiv l\u00f8sning for \u00e5 sikre kontinuitet og resultater, uten \u00e5 m\u00e5tte binde seg til en fast ansettelse.<\/p>\n<p data-start=\"673\" data-end=\"904\">Interimledelse handler i bunn og grunn om \u00e5 f\u00e5 <strong data-start=\"720\" data-end=\"756\">riktig kompetanse p\u00e5 plass raskt<\/strong>, akkurat n\u00e5r behovet er st\u00f8rst. Hos Compass HRG har vi sett en sterk \u00f8kning i ettersp\u00f8rselen etter denne typen l\u00f8sninger, s\u00e6rlig i situasjoner som:<\/p>\n<blockquote>\n<p data-start=\"907\" data-end=\"1006\"><strong data-start=\"907\" data-end=\"946\">Ledelsesendringer eller lederfrav\u00e6r<\/strong> (f.eks. langtidssykemeldinger eller uventede oppsigelser)<\/p>\n<p data-start=\"1009\" data-end=\"1051\"><strong data-start=\"1009\" data-end=\"1051\">Organisasjonsendringer og omstillinger<\/strong><\/p>\n<p data-start=\"1054\" data-end=\"1104\"><strong data-start=\"1054\" data-end=\"1104\">Prosjektinitiativer som krever spisskompetanse<\/strong><\/p>\n<p data-start=\"1107\" data-end=\"1207\"><strong data-start=\"1107\" data-end=\"1169\">Kriseh\u00e5ndtering eller etablering av nye forretningsomr\u00e5der<\/strong><\/p>\n<\/blockquote>\n<p>[\/et_pb_text][et_pb_text _builder_version=&raquo;4.27.5&#8243; _module_preset=&raquo;default&raquo; global_colors_info=&raquo;{}&raquo;]<\/p>\n<h2><strong>Hva er interimledelse?<\/strong><\/h2>\n<p><a href=\"https:\/\/www.compasshrg.com\/no\/interimledelse\/\">Interimledelse, <\/a>ogs\u00e5 omtalt som <em data-start=\"1278\" data-end=\"1299\">management-for-hire<\/em> eller midlertidig ledelse, er kort sagt <strong data-start=\"1341\" data-end=\"1416\">midlertidig ledelse med mandat til \u00e5 drive endring og levere resultater<\/strong>. I motsetning til konsulenter, som ofte gir r\u00e5d, opererer interimledere som en del av ledergruppen og har operativt ansvar for \u00e5 gjennomf\u00f8re tiltakene som er n\u00f8dvendige for \u00e5 n\u00e5 m\u00e5lsetningene. <span class=\"\" data-state=\"closed\"><\/span><\/p>\n<p data-start=\"1649\" data-end=\"1893\">Interimledere kan tre inn i en rekke roller, fra <strong data-start=\"1698\" data-end=\"1720\">interim CEO og CFO<\/strong> til <strong data-start=\"1725\" data-end=\"1767\">HR-leder, COO, CMO eller prosjektleder,<\/strong>\u00a0alltid med fokus p\u00e5 <strong data-start=\"1790\" data-end=\"1854\">effektiv drift, strategiimplementering og m\u00e5lbare resultater<\/strong>.<\/p>\n<p>[\/et_pb_text][et_pb_text _builder_version=&raquo;4.27.5&#8243; _module_preset=&raquo;default&raquo; global_colors_info=&raquo;{}&raquo;]<\/p>\n<h2 data-start=\"1900\" data-end=\"1936\"><strong data-start=\"1903\" data-end=\"1936\">Hvorfor velge interimledelse?<\/strong><\/h2>\n<p data-start=\"1938\" data-end=\"2025\">Det finnes flere gode grunner til at interimledelse har blitt et attraktivt alternativ:<\/p>\n<h3 data-start=\"2027\" data-end=\"2065\"><strong data-start=\"2034\" data-end=\"2065\">Rask tilgang til kompetanse<\/strong><\/h3>\n<p data-start=\"2066\" data-end=\"2275\">I situasjoner hvor lederrollen st\u00e5r ubesatt eller det er behov for spisskompetanse, kan interimledelse gj\u00f8re at du f\u00e5r den rette lederen p\u00e5 plass <em data-start=\"2212\" data-end=\"2236\">p\u00e5 dager, ikke m\u00e5neder<\/em>. <span class=\"\" data-state=\"closed\"><\/span><\/p>\n<h3 data-start=\"2277\" data-end=\"2330\"><strong data-start=\"2284\" data-end=\"2330\">Fleksibilitet uten langsiktig forpliktelse<\/strong><\/h3>\n<p data-start=\"2331\" data-end=\"2502\">Du f\u00e5r tilgang til topplederkompetanse uten \u00e5 inng\u00e5 en permanent ansettelse, og kan justere varigheten og ansvarsomr\u00e5det etter behov. <span class=\"\" data-state=\"closed\"><\/span><\/p>\n<h3 data-start=\"2504\" data-end=\"2550\"><strong data-start=\"2511\" data-end=\"2550\">Fokus p\u00e5 resultater, ikke prosesser<\/strong><\/h3>\n<p data-start=\"2551\" data-end=\"2712\">Interimledere kommer inn med mandat og erfaring til \u00e5 ta beslutninger, gjennomf\u00f8re endringer og skape fremdrift fra dag \u00e9n. <span class=\"\" data-state=\"closed\"><\/span><\/p>\n<h3 data-start=\"2714\" data-end=\"2763\"><strong data-start=\"2721\" data-end=\"2763\">Objektiv vurdering og nye perspektiver<\/strong><\/h3>\n<p data-start=\"2764\" data-end=\"2988\">Uten historie i organisasjonen kan interimledere bidra med nye innspill, identifisere forbedringspunkter og finne l\u00f8sninger p\u00e5 utfordringer som kanskje har v\u00e6rt vanskelig \u00e5 l\u00f8se internt. <span class=\"\" data-state=\"closed\"><\/span><\/p>\n<p>[\/et_pb_text][et_pb_text _builder_version=&raquo;4.27.5&#8243; _module_preset=&raquo;default&raquo; global_colors_info=&raquo;{}&raquo;]<\/p>\n<h2 data-start=\"2995\" data-end=\"3054\"><strong data-start=\"2998\" data-end=\"3054\">V\u00e5r erfaring: interimoppdrag i samarbeid med Sverige<\/strong><\/h2>\n<p data-start=\"3056\" data-end=\"3361\">Vi <strong data-start=\"3061\" data-end=\"3076\">Compass <\/strong>har jobbet med interimledelse i det norske markedet i mange \u00e5r, og ser hvordan dette har g\u00e5tt fra \u00e5 v\u00e6re en nisjel\u00f8sning til et strategisk verkt\u00f8y for mange virksomheter. Vi nevnte i forrige innlegg om temaet at vi arbeider med <a href=\"https:\/\/www.nordicadviser.no\/\">Nordic Adviser<\/a> p\u00e5 interimoppdrag. I tillegg har vi i l\u00f8pet av de siste \u00e5rene hatt flere <strong data-start=\"3297\" data-end=\"3360\">vellykkede oppdrag i samarbeid med v\u00e5re kollegaer i Compass i Sverige<\/strong>.<\/p>\n<p data-start=\"3363\" data-end=\"3415\">Gjennom felles prosesser og kompetansedeling har vi:<\/p>\n<blockquote>\n<p data-start=\"3418\" data-end=\"3483\"><strong data-start=\"3418\" data-end=\"3483\">Identifisert og plassert interimledere i <\/strong>tverrnordiske roller.<\/p>\n<p data-start=\"3486\" data-end=\"3550\"><strong data-start=\"3486\" data-end=\"3550\">Delt ledelseskompetanse og erfaring <\/strong>p\u00e5 tvers av landegrenser.<\/p>\n<p data-start=\"3553\" data-end=\"3680\"><strong>Bidratt til hurtig etablering av interiml\u00f8sninger<\/strong> i virksomheter hvor norsk\u2013svensk bransjekunnskap har v\u00e6rt en fordel.<\/p>\n<\/blockquote>\n<p data-start=\"3682\" data-end=\"4055\">Dette har gitt oss unike erfaringer med \u00e5 kombinere <strong data-start=\"3734\" data-end=\"3751\">lokal innsikt<\/strong> og <strong data-start=\"3755\" data-end=\"3778\">regional ekspertise<\/strong>, og resultatene har v\u00e6rt sv\u00e6rt positive b\u00e5de for klienter og interimlederne som har blitt engasjert. Samarbeidet med v\u00e5re svenske kollegaer har ogs\u00e5 styrket v\u00e5r evne til \u00e5 levere l\u00f8sninger som g\u00e5r utover landegrenser, s\u00e6rlig innen life-science.<\/p>\n<p>[\/et_pb_text][et_pb_text _builder_version=&raquo;4.27.5&#8243; _module_preset=&raquo;default&raquo; global_colors_info=&raquo;{}&raquo;]<\/p>\n<p data-start=\"4106\" data-end=\"4378\">Som en ledende partner innen interimledelse og rekruttering bist\u00e5r vi med:<\/p>\n<blockquote>\n<p data-start=\"4106\" data-end=\"4378\">Kartlegging av behov og stillingsprofil<br data-start=\"4222\" data-end=\"4225\" \/>Identifisering og vurdering av ledere med riktig erfaring<br data-start=\"4284\" data-end=\"4287\" \/>Hurtig prosess for utvelgelse og onboarding<br data-start=\"4332\" data-end=\"4335\" \/>Oppf\u00f8lging gjennom hele interimperioden<\/p>\n<\/blockquote>\n<p data-start=\"4380\" data-end=\"4581\">Vi kombinerer lang erfaring med solid <strong data-start=\"4420\" data-end=\"4448\">nordisk nettverkstilgang<\/strong> for \u00e5 sikre at du f\u00e5r den kompetansen du trenger, til rett tid og med riktig drivkraft.<\/p>\n<p>[\/et_pb_text][et_pb_text _builder_version=&raquo;4.27.5&#8243; _module_preset=&raquo;default&raquo; global_colors_info=&raquo;{}&raquo;]<\/p>\n<h2><strong>Kontakt oss i dag for \u00e5 f\u00e5 dekket dine behov<\/strong><\/h2>\n<p data-start=\"4607\" data-end=\"4762\">I et marked preget av raske endringer og krevende konkurranseforhold kan interimledelse v\u00e6re en <strong data-start=\"4703\" data-end=\"4729\">strategisk investering<\/strong> for din virksomhet. Det gir deg:<\/p>\n<blockquote>\n<p>Rask tilgang p\u00e5 erfarne ledere<br data-start=\"4796\" data-end=\"4799\" \/>Fleksibilitet uten langsiktig binding<br data-start=\"4838\" data-end=\"4841\" \/>Et operativt fokus p\u00e5 resultater<br data-start=\"4875\" data-end=\"4878\" \/>Eksterne perspektiver som styrker din organisasjon<\/p>\n<\/blockquote>\n<p>Og med erfaring fra samarbeid mellom Norge og Sverige st\u00e5r Compass HRG godt rustet til \u00e5 levere interim-ledere med solid erfaring, ogs\u00e5 p\u00e5 tvers av landegrenser.<\/p>\n<p>Trenger du eksperthjelp p\u00e5 kort tid? Kontakt oss i dag for \u00e5 f\u00e5 tilgang til erfarne <a href=\"https:\/\/www.compasshrg.com\/no\/interimledelse\/\">interimledere<\/a> og spesialister som kan styrke teamet ditt umiddelbart. Fyll ut skjemaet eller ring oss for en uforpliktende samtale.<\/p>\n<p>[\/et_pb_text][\/et_pb_column][\/et_pb_row][et_pb_row _builder_version=&raquo;4.27.4&#8243; _module_preset=&raquo;default&raquo; global_colors_info=&raquo;{}&raquo;][et_pb_column type=&raquo;4_4&#8243; _builder_version=&raquo;4.27.4&#8243; _module_preset=&raquo;default&raquo; global_colors_info=&raquo;{}&raquo;][et_pb_button button_url=&raquo;https:\/\/www.compasshrg.com\/no\/kontakt\/&raquo; button_text=&raquo;Kontakt oss i dag&raquo; _builder_version=&raquo;4.27.4&#8243; _module_preset=&raquo;default&raquo; background_layout=&raquo;dark&raquo; global_colors_info=&raquo;{}&raquo;][\/et_pb_button][\/et_pb_column][\/et_pb_row][\/et_pb_section]<\/p>\n","protected":false},"excerpt":{"rendered":"<p>Interimledelse gir fleksibilitet og raske resultater. Compass rekrutterer interimledere i Norge og Norden.<\/p>\n","protected":false},"author":5,"featured_media":280956,"comment_status":"closed","ping_status":"closed","sticky":false,"template":"","format":"standard","meta":{"_acf_changed":false,"_et_pb_use_builder":"on","_et_pb_old_content":"<p><span data-contrast=\"auto\">B\u00e6rekraft er blitt noe \u201calle\u201d tenker p\u00e5, mange prater om, og stadig flere gj\u00f8r noe med. Presset for \u00e5 levere p\u00e5 FNs b\u00e6rekraftsm\u00e5l p\u00e5virker n\u00e5 de fleste bransjer, men hvordan og hvor m\u00e5lene implementeres i organisasjoner varierer. Like varierende er betydningen for konkurranseevne og markedsposisjon. Det er en kompleks og tverrfaglig utfordring, og i Compass m\u00f8ter vi mange selskaper i ulike sektorer, samt kandidater som skal fylle nye roller innenfor b\u00e6rekraft.\u00a0<\/span><span data-ccp-props=\"{\"335559739\":0}\">\u00a0<\/span><\/p><h2><b><span data-contrast=\"auto\">Hvor skal b\u00e6rekraft ligge i organisasjonen?<\/span><\/b><span data-ccp-props=\"{\"335559739\":0}\">\u00a0<\/span><\/h2><p><span data-contrast=\"auto\">Ett sentralt sp\u00f8rsm\u00e5l mange virksomheter stiller seg er: Hvor skal b\u00e6rekraftsarbeidet plasseres i organisasjonen? Trenger vi en egen direkt\u00f8r for ESG (Environmental, Social, and Governance)?\u202f<\/span><span data-ccp-props=\"{\"335559739\":0}\">\u00a0<\/span><\/p><p><span data-contrast=\"auto\">Skal vi legge ansvaret under HR, CFO, eller kanskje til HMS-avdelingen? Dette er sp\u00f8rsm\u00e5l uten fasitsvar. N\u00e5r det gjelder b\u00e6rekraft har hver organisasjon ulike behov og modenhetsniv\u00e5et varierer. L\u00f8sningene m\u00e5 derfor ogs\u00e5 tilpasses hver enkelt.<\/span><span data-ccp-props=\"{\"335559739\":0}\">\u00a0<\/span><\/p><h2><b><span data-contrast=\"auto\">Gapet mellom ambisjon og virkelighet<\/span><\/b><span data-ccp-props=\"{\"335559739\":0}\">\u00a0<\/span><\/h2><p><span data-contrast=\"auto\">Dessverre ser vi ofte at det er et stort sprik mellom forventninger, modenhet og ambisjonsniv\u00e5 n\u00e5r det gjelder b\u00e6rekraft. Mange selskaper bruker mye tid p\u00e5 pr\u00f8ving og feiling, noe som kan f\u00f8re til skuffelse n\u00e5r realiteten ikke matcher ambisjonene for b\u00e5de bedrift og den ansatte. Dette gapet forverres av den hurtige utviklingen innen feltet. Organisasjoner m\u00e5 stadig tilpasse seg nye krav, teknologier og forventninger. For \u00e5 lykkes er det derfor avgj\u00f8rende \u00e5 sikre riktig ressurs og rett organisering. Dette handler ikke bare om \u00e5 finne personer med riktig kompetanse, men ogs\u00e5 om \u00e5 innlemme b\u00e6rekraft i den eksisterende organisasjonsstrukturen.<\/span><span data-ccp-props=\"{\"335559739\":0}\">\u00a0<\/span><\/p><h2><b><span data-contrast=\"auto\">B\u00e6rekraft som en strategisk ressurs<\/span><\/b><span data-ccp-props=\"{\"335559739\":0}\">\u00a0<\/span><\/h2><p><span data-contrast=\"auto\">En viktig erkjennelse er at b\u00e6rekraft ikke kun handler om \u00f8konomiske faktorer. I dagens marked er \u201cmyke\u201d kriterier \u2013 som bedriftens omd\u00f8mme, samfunnsansvar og milj\u00f8p\u00e5virkning \u2013 ofte like viktige som kostnadseffektivitet. For \u00e5 bevare konkurransekraft m\u00e5 virksomheter se p\u00e5 b\u00e6rekraft som en strategisk ressurs, ikke bare en stabsfunksjon.<\/span><span data-ccp-props=\"{\"335559739\":0}\">\u00a0<\/span><\/p><h2><b><span data-contrast=\"auto\">Fleksibilitet og innovasjon<\/span><\/b><span data-ccp-props=\"{\"335559739\":0}\">\u00a0<\/span><\/h2><p><span data-contrast=\"auto\">Den st\u00f8rste utfordringen ligger i \u00e5 tenke nytt. Bedrifter m\u00e5 tilpasse seg stadig endrede rammebetingelser, og det er derfor viktig \u00e5 integrere b\u00e6rekraftsarbeidet fleksibelt. Det er ikke n\u00f8dvendigvis en ferdig definert rolle som vil f\u00f8re til at man lykkes, men heller hvordan organisasjonen som helhet forst\u00e5r, verdsetter og jobber med b\u00e6rekraft i det daglige.<\/span><span data-ccp-props=\"{\"335559739\":0}\">\u00a0<\/span><\/p><h2><b><span data-contrast=\"auto\">Veien videre: Hvor plasserer du \u201cb\u00e6rekraftspoteten\u201d?<\/span><\/b><span data-ccp-props=\"{\"335559739\":0}\">\u00a0<\/span><\/h2><p><span data-contrast=\"auto\">S\u00e5, hvor plasserer du b\u00e6rekraft i organisasjonen? Det er viktigste er \u00e5 stille de riktige sp\u00f8rsm\u00e5lene. Er organisasjonen moden nok til \u00e5 ha en egen leder for b\u00e6rekraft? Finnes det ressurser i dag som kan utvikles? Kan det integreres som en del av eksisterende strukturer som HR, HMS eller \u00f8konomi? Uansett plassering, b\u00e6rekraft m\u00e5 innarbeides p\u00e5 en m\u00e5te som sikrer forankring i selskapets strategiske plan, konkurranseevne og verdier. Kanskje viktigst: hva vil kreves av personlige egenskaper og ferdigheter for \u00e5 n\u00e5 fastsatte m\u00e5l? Kompasset peker ikke alltid klart, men med en helhetlig og fleksibel tiln\u00e6rming kan man finne den riktige retningen. Det viktigste er \u00e5 v\u00e6re bevisst p\u00e5 at b\u00e6rekraft ikke bare noe \u00abnoen m\u00e5 fikse\u00bb, men et tankesett som m\u00e5 inn i kulturen for v\u00e6re konkurransedyktig i dagens og fremtidens marked med <\/span><span data-contrast=\"auto\">den rette personen<\/span><span data-contrast=\"auto\"> i f\u00f8rersetet.<\/span><span data-ccp-props=\"{\"335559739\":0}\">\u00a0<\/span><\/p>","_et_gb_content_width":"","om_disable_all_campaigns":false,"inline_featured_image":false,"_uf_show_specific_survey":0,"_uf_disable_surveys":false,"footnotes":""},"categories":[85],"tags":[],"class_list":["post-280955","post","type-post","status-publish","format-standard","has-post-thumbnail","hentry","category-uncategorized-no"],"acf":[],"yoast_head":"<!-- This site is optimized with the Yoast SEO plugin v27.1.1 - https:\/\/yoast.com\/product\/yoast-seo-wordpress\/ -->\n<title>Interimledelse i Norge: Strategisk rekruttering | Compass HRG<\/title>\n<meta name=\"description\" content=\"Interimledelse gir fleksibilitet og raske resultater. Compass HRG rekrutterer interimledere i Norge og Norden.\" \/>\n<meta name=\"robots\" content=\"index, follow, max-snippet:-1, max-image-preview:large, max-video-preview:-1\" \/>\n<link rel=\"canonical\" href=\"https:\/\/www.compasshrg.com\/no\/blog\/interimledelse-rekruttering-av-interimledere-norge\/\" \/>\n<meta property=\"og:locale\" content=\"nb_NO\" \/>\n<meta property=\"og:type\" content=\"article\" \/>\n<meta property=\"og:title\" content=\"Interimledelse i Norge: Strategisk rekruttering | Compass HRG\" \/>\n<meta property=\"og:description\" content=\"Interimledelse gir fleksibilitet og raske resultater. Compass HRG rekrutterer interimledere i Norge og Norden.\" \/>\n<meta property=\"og:url\" content=\"https:\/\/www.compasshrg.com\/no\/blog\/interimledelse-rekruttering-av-interimledere-norge\/\" \/>\n<meta property=\"og:site_name\" content=\"Compass HRG\" \/>\n<meta property=\"article:publisher\" content=\"https:\/\/www.facebook.com\/compasshrgdk\" \/>\n<meta property=\"article:published_time\" content=\"2026-01-21T13:10:44+00:00\" \/>\n<meta property=\"article:modified_time\" content=\"2026-01-22T10:17:39+00:00\" \/>\n<meta property=\"og:image\" content=\"https:\/\/www.compasshrg.com\/wp-content\/uploads\/2026\/01\/Blogg-Interim-2.png\" \/>\n\t<meta property=\"og:image:width\" content=\"607\" \/>\n\t<meta property=\"og:image:height\" content=\"392\" \/>\n\t<meta property=\"og:image:type\" content=\"image\/png\" \/>\n<meta name=\"author\" content=\"clg@compass.no\" \/>\n<meta name=\"twitter:card\" content=\"summary_large_image\" \/>\n<meta name=\"twitter:label1\" content=\"Skrevet av\" \/>\n\t<meta name=\"twitter:data1\" content=\"clg@compass.no\" \/>\n\t<meta name=\"twitter:label2\" content=\"Ansl. lesetid\" \/>\n\t<meta name=\"twitter:data2\" content=\"3 minutter\" \/>\n<script type=\"application\/ld+json\" class=\"yoast-schema-graph\">{\"@context\":\"https:\/\/schema.org\",\"@graph\":[{\"@type\":\"Article\",\"@id\":\"https:\/\/www.compasshrg.com\/no\/blog\/interimledelse-rekruttering-av-interimledere-norge\/#article\",\"isPartOf\":{\"@id\":\"https:\/\/www.compasshrg.com\/no\/blog\/interimledelse-rekruttering-av-interimledere-norge\/\"},\"author\":{\"name\":\"clg@compass.no\",\"@id\":\"https:\/\/www.compasshrg.com\/no\/#\/schema\/person\/8c46d27282cf892048f151b82447240a\"},\"headline\":\"Interimledelse i Norge\",\"datePublished\":\"2026-01-21T13:10:44+00:00\",\"dateModified\":\"2026-01-22T10:17:39+00:00\",\"mainEntityOfPage\":{\"@id\":\"https:\/\/www.compasshrg.com\/no\/blog\/interimledelse-rekruttering-av-interimledere-norge\/\"},\"wordCount\":903,\"publisher\":{\"@id\":\"https:\/\/www.compasshrg.com\/no\/#organization\"},\"image\":{\"@id\":\"https:\/\/www.compasshrg.com\/no\/blog\/interimledelse-rekruttering-av-interimledere-norge\/#primaryimage\"},\"thumbnailUrl\":\"https:\/\/www.compasshrg.com\/wp-content\/uploads\/2026\/01\/Blogg-Interim-2.png\",\"articleSection\":[\"Uncategorized @no\"],\"inLanguage\":\"nb-NO\"},{\"@type\":\"WebPage\",\"@id\":\"https:\/\/www.compasshrg.com\/no\/blog\/interimledelse-rekruttering-av-interimledere-norge\/\",\"url\":\"https:\/\/www.compasshrg.com\/no\/blog\/interimledelse-rekruttering-av-interimledere-norge\/\",\"name\":\"Interimledelse i Norge: Strategisk rekruttering | Compass HRG\",\"isPartOf\":{\"@id\":\"https:\/\/www.compasshrg.com\/no\/#website\"},\"primaryImageOfPage\":{\"@id\":\"https:\/\/www.compasshrg.com\/no\/blog\/interimledelse-rekruttering-av-interimledere-norge\/#primaryimage\"},\"image\":{\"@id\":\"https:\/\/www.compasshrg.com\/no\/blog\/interimledelse-rekruttering-av-interimledere-norge\/#primaryimage\"},\"thumbnailUrl\":\"https:\/\/www.compasshrg.com\/wp-content\/uploads\/2026\/01\/Blogg-Interim-2.png\",\"datePublished\":\"2026-01-21T13:10:44+00:00\",\"dateModified\":\"2026-01-22T10:17:39+00:00\",\"description\":\"Interimledelse gir fleksibilitet og raske resultater. Compass HRG rekrutterer interimledere i Norge og Norden.\",\"breadcrumb\":{\"@id\":\"https:\/\/www.compasshrg.com\/no\/blog\/interimledelse-rekruttering-av-interimledere-norge\/#breadcrumb\"},\"inLanguage\":\"nb-NO\",\"potentialAction\":[{\"@type\":\"ReadAction\",\"target\":[\"https:\/\/www.compasshrg.com\/no\/blog\/interimledelse-rekruttering-av-interimledere-norge\/\"]}]},{\"@type\":\"ImageObject\",\"inLanguage\":\"nb-NO\",\"@id\":\"https:\/\/www.compasshrg.com\/no\/blog\/interimledelse-rekruttering-av-interimledere-norge\/#primaryimage\",\"url\":\"https:\/\/www.compasshrg.com\/wp-content\/uploads\/2026\/01\/Blogg-Interim-2.png\",\"contentUrl\":\"https:\/\/www.compasshrg.com\/wp-content\/uploads\/2026\/01\/Blogg-Interim-2.png\",\"width\":607,\"height\":392,\"caption\":\"Rekruttering av interimledere i Norge\"},{\"@type\":\"BreadcrumbList\",\"@id\":\"https:\/\/www.compasshrg.com\/no\/blog\/interimledelse-rekruttering-av-interimledere-norge\/#breadcrumb\",\"itemListElement\":[{\"@type\":\"ListItem\",\"position\":1,\"name\":\"Compass HRG\",\"item\":\"https:\/\/www.compasshrg.com\/no\/\"},{\"@type\":\"ListItem\",\"position\":2,\"name\":\"Interimledelse i Norge\"}]},{\"@type\":\"WebSite\",\"@id\":\"https:\/\/www.compasshrg.com\/no\/#website\",\"url\":\"https:\/\/www.compasshrg.com\/no\/\",\"name\":\"Compass HRG\",\"description\":\"Your HR Service Partner\",\"publisher\":{\"@id\":\"https:\/\/www.compasshrg.com\/no\/#organization\"},\"potentialAction\":[{\"@type\":\"SearchAction\",\"target\":{\"@type\":\"EntryPoint\",\"urlTemplate\":\"https:\/\/www.compasshrg.com\/no\/?s={search_term_string}\"},\"query-input\":{\"@type\":\"PropertyValueSpecification\",\"valueRequired\":true,\"valueName\":\"search_term_string\"}}],\"inLanguage\":\"nb-NO\"},{\"@type\":\"Organization\",\"@id\":\"https:\/\/www.compasshrg.com\/no\/#organization\",\"name\":\"Compass HRG\",\"url\":\"https:\/\/www.compasshrg.com\/no\/\",\"logo\":{\"@type\":\"ImageObject\",\"inLanguage\":\"nb-NO\",\"@id\":\"https:\/\/www.compasshrg.com\/no\/#\/schema\/logo\/image\/\",\"url\":\"\",\"contentUrl\":\"\",\"caption\":\"Compass HRG\"},\"image\":{\"@id\":\"https:\/\/www.compasshrg.com\/no\/#\/schema\/logo\/image\/\"},\"sameAs\":[\"https:\/\/www.facebook.com\/compasshrgdk\"]},{\"@type\":\"Person\",\"@id\":\"https:\/\/www.compasshrg.com\/no\/#\/schema\/person\/8c46d27282cf892048f151b82447240a\",\"name\":\"clg@compass.no\",\"image\":{\"@type\":\"ImageObject\",\"inLanguage\":\"nb-NO\",\"@id\":\"https:\/\/www.compasshrg.com\/no\/#\/schema\/person\/image\/\",\"url\":\"https:\/\/secure.gravatar.com\/avatar\/693b26cbced543d896e73c41e8a47e766aaaf4638b5ca064f2a3ba3c6691a28e?s=96&d=mm&r=g\",\"contentUrl\":\"https:\/\/secure.gravatar.com\/avatar\/693b26cbced543d896e73c41e8a47e766aaaf4638b5ca064f2a3ba3c6691a28e?s=96&d=mm&r=g\",\"caption\":\"clg@compass.no\"}}]}<\/script>\n<!-- \/ Yoast SEO plugin. -->","yoast_head_json":{"title":"Interimledelse i Norge: Strategisk rekruttering | Compass HRG","description":"Interimledelse gir fleksibilitet og raske resultater. Compass HRG rekrutterer interimledere i Norge og Norden.","robots":{"index":"index","follow":"follow","max-snippet":"max-snippet:-1","max-image-preview":"max-image-preview:large","max-video-preview":"max-video-preview:-1"},"canonical":"https:\/\/www.compasshrg.com\/no\/blog\/interimledelse-rekruttering-av-interimledere-norge\/","og_locale":"nb_NO","og_type":"article","og_title":"Interimledelse i Norge: Strategisk rekruttering | Compass HRG","og_description":"Interimledelse gir fleksibilitet og raske resultater. Compass HRG rekrutterer interimledere i Norge og Norden.","og_url":"https:\/\/www.compasshrg.com\/no\/blog\/interimledelse-rekruttering-av-interimledere-norge\/","og_site_name":"Compass HRG","article_publisher":"https:\/\/www.facebook.com\/compasshrgdk","article_published_time":"2026-01-21T13:10:44+00:00","article_modified_time":"2026-01-22T10:17:39+00:00","og_image":[{"width":607,"height":392,"url":"https:\/\/www.compasshrg.com\/wp-content\/uploads\/2026\/01\/Blogg-Interim-2.png","type":"image\/png"}],"author":"clg@compass.no","twitter_card":"summary_large_image","twitter_misc":{"Skrevet av":"clg@compass.no","Ansl. lesetid":"3 minutter"},"schema":{"@context":"https:\/\/schema.org","@graph":[{"@type":"Article","@id":"https:\/\/www.compasshrg.com\/no\/blog\/interimledelse-rekruttering-av-interimledere-norge\/#article","isPartOf":{"@id":"https:\/\/www.compasshrg.com\/no\/blog\/interimledelse-rekruttering-av-interimledere-norge\/"},"author":{"name":"clg@compass.no","@id":"https:\/\/www.compasshrg.com\/no\/#\/schema\/person\/8c46d27282cf892048f151b82447240a"},"headline":"Interimledelse i Norge","datePublished":"2026-01-21T13:10:44+00:00","dateModified":"2026-01-22T10:17:39+00:00","mainEntityOfPage":{"@id":"https:\/\/www.compasshrg.com\/no\/blog\/interimledelse-rekruttering-av-interimledere-norge\/"},"wordCount":903,"publisher":{"@id":"https:\/\/www.compasshrg.com\/no\/#organization"},"image":{"@id":"https:\/\/www.compasshrg.com\/no\/blog\/interimledelse-rekruttering-av-interimledere-norge\/#primaryimage"},"thumbnailUrl":"https:\/\/www.compasshrg.com\/wp-content\/uploads\/2026\/01\/Blogg-Interim-2.png","articleSection":["Uncategorized @no"],"inLanguage":"nb-NO"},{"@type":"WebPage","@id":"https:\/\/www.compasshrg.com\/no\/blog\/interimledelse-rekruttering-av-interimledere-norge\/","url":"https:\/\/www.compasshrg.com\/no\/blog\/interimledelse-rekruttering-av-interimledere-norge\/","name":"Interimledelse i Norge: Strategisk rekruttering | Compass HRG","isPartOf":{"@id":"https:\/\/www.compasshrg.com\/no\/#website"},"primaryImageOfPage":{"@id":"https:\/\/www.compasshrg.com\/no\/blog\/interimledelse-rekruttering-av-interimledere-norge\/#primaryimage"},"image":{"@id":"https:\/\/www.compasshrg.com\/no\/blog\/interimledelse-rekruttering-av-interimledere-norge\/#primaryimage"},"thumbnailUrl":"https:\/\/www.compasshrg.com\/wp-content\/uploads\/2026\/01\/Blogg-Interim-2.png","datePublished":"2026-01-21T13:10:44+00:00","dateModified":"2026-01-22T10:17:39+00:00","description":"Interimledelse gir fleksibilitet og raske resultater. Compass HRG rekrutterer interimledere i Norge og Norden.","breadcrumb":{"@id":"https:\/\/www.compasshrg.com\/no\/blog\/interimledelse-rekruttering-av-interimledere-norge\/#breadcrumb"},"inLanguage":"nb-NO","potentialAction":[{"@type":"ReadAction","target":["https:\/\/www.compasshrg.com\/no\/blog\/interimledelse-rekruttering-av-interimledere-norge\/"]}]},{"@type":"ImageObject","inLanguage":"nb-NO","@id":"https:\/\/www.compasshrg.com\/no\/blog\/interimledelse-rekruttering-av-interimledere-norge\/#primaryimage","url":"https:\/\/www.compasshrg.com\/wp-content\/uploads\/2026\/01\/Blogg-Interim-2.png","contentUrl":"https:\/\/www.compasshrg.com\/wp-content\/uploads\/2026\/01\/Blogg-Interim-2.png","width":607,"height":392,"caption":"Rekruttering av interimledere i Norge"},{"@type":"BreadcrumbList","@id":"https:\/\/www.compasshrg.com\/no\/blog\/interimledelse-rekruttering-av-interimledere-norge\/#breadcrumb","itemListElement":[{"@type":"ListItem","position":1,"name":"Compass HRG","item":"https:\/\/www.compasshrg.com\/no\/"},{"@type":"ListItem","position":2,"name":"Interimledelse i Norge"}]},{"@type":"WebSite","@id":"https:\/\/www.compasshrg.com\/no\/#website","url":"https:\/\/www.compasshrg.com\/no\/","name":"Compass HRG","description":"Your HR Service Partner","publisher":{"@id":"https:\/\/www.compasshrg.com\/no\/#organization"},"potentialAction":[{"@type":"SearchAction","target":{"@type":"EntryPoint","urlTemplate":"https:\/\/www.compasshrg.com\/no\/?s={search_term_string}"},"query-input":{"@type":"PropertyValueSpecification","valueRequired":true,"valueName":"search_term_string"}}],"inLanguage":"nb-NO"},{"@type":"Organization","@id":"https:\/\/www.compasshrg.com\/no\/#organization","name":"Compass HRG","url":"https:\/\/www.compasshrg.com\/no\/","logo":{"@type":"ImageObject","inLanguage":"nb-NO","@id":"https:\/\/www.compasshrg.com\/no\/#\/schema\/logo\/image\/","url":"","contentUrl":"","caption":"Compass HRG"},"image":{"@id":"https:\/\/www.compasshrg.com\/no\/#\/schema\/logo\/image\/"},"sameAs":["https:\/\/www.facebook.com\/compasshrgdk"]},{"@type":"Person","@id":"https:\/\/www.compasshrg.com\/no\/#\/schema\/person\/8c46d27282cf892048f151b82447240a","name":"clg@compass.no","image":{"@type":"ImageObject","inLanguage":"nb-NO","@id":"https:\/\/www.compasshrg.com\/no\/#\/schema\/person\/image\/","url":"https:\/\/secure.gravatar.com\/avatar\/693b26cbced543d896e73c41e8a47e766aaaf4638b5ca064f2a3ba3c6691a28e?s=96&d=mm&r=g","contentUrl":"https:\/\/secure.gravatar.com\/avatar\/693b26cbced543d896e73c41e8a47e766aaaf4638b5ca064f2a3ba3c6691a28e?s=96&d=mm&r=g","caption":"clg@compass.no"}}]}},"_links":{"self":[{"href":"https:\/\/www.compasshrg.com\/no\/wp-json\/wp\/v2\/posts\/280955","targetHints":{"allow":["GET"]}}],"collection":[{"href":"https:\/\/www.compasshrg.com\/no\/wp-json\/wp\/v2\/posts"}],"about":[{"href":"https:\/\/www.compasshrg.com\/no\/wp-json\/wp\/v2\/types\/post"}],"author":[{"embeddable":true,"href":"https:\/\/www.compasshrg.com\/no\/wp-json\/wp\/v2\/users\/5"}],"replies":[{"embeddable":true,"href":"https:\/\/www.compasshrg.com\/no\/wp-json\/wp\/v2\/comments?post=280955"}],"version-history":[{"count":17,"href":"https:\/\/www.compasshrg.com\/no\/wp-json\/wp\/v2\/posts\/280955\/revisions"}],"predecessor-version":[{"id":280981,"href":"https:\/\/www.compasshrg.com\/no\/wp-json\/wp\/v2\/posts\/280955\/revisions\/280981"}],"wp:featuredmedia":[{"embeddable":true,"href":"https:\/\/www.compasshrg.com\/no\/wp-json\/wp\/v2\/media\/280956"}],"wp:attachment":[{"href":"https:\/\/www.compasshrg.com\/no\/wp-json\/wp\/v2\/media?parent=280955"}],"wp:term":[{"taxonomy":"category","embeddable":true,"href":"https:\/\/www.compasshrg.com\/no\/wp-json\/wp\/v2\/categories?post=280955"},{"taxonomy":"post_tag","embeddable":true,"href":"https:\/\/www.compasshrg.com\/no\/wp-json\/wp\/v2\/tags?post=280955"}],"curies":[{"name":"wp","href":"https:\/\/api.w.org\/{rel}","templated":true}]}}