{"id":281006,"date":"2026-01-28T12:41:02","date_gmt":"2026-01-28T11:41:02","guid":{"rendered":"https:\/\/www.compasshrg.com\/?p=281006"},"modified":"2026-01-28T12:50:38","modified_gmt":"2026-01-28T11:50:38","slug":"hva-er-en-god-cv","status":"publish","type":"post","link":"https:\/\/www.compasshrg.com\/no\/blog\/hva-er-en-god-cv\/","title":{"rendered":"Hva er en god CV?"},"content":{"rendered":"<p>[et_pb_section fb_built=&raquo;1&#8243; _builder_version=&raquo;4.16&#8243; global_colors_info=&raquo;{}&raquo;][et_pb_row _builder_version=&raquo;4.16&#8243; background_size=&raquo;initial&raquo; background_position=&raquo;top_left&raquo; background_repeat=&raquo;repeat&raquo; global_colors_info=&raquo;{}&raquo;][et_pb_column type=&raquo;4_4&#8243; _builder_version=&raquo;4.16&#8243; custom_padding=&raquo;|||&raquo; global_colors_info=&raquo;{}&raquo; custom_padding__hover=&raquo;|||&raquo;][et_pb_text _builder_version=&raquo;4.27.5&#8243; background_size=&raquo;initial&raquo; background_position=&raquo;top_left&raquo; background_repeat=&raquo;repeat&raquo; global_colors_info=&raquo;{}&raquo;]<\/p>\n<h1 data-start=\"339\" data-end=\"671\">Hva er en god CV?<\/h1>\n<p data-start=\"157\" data-end=\"417\">Hvert \u00e5r leser vi tusenvis av CVer i forbindelse med rekruttering p\u00e5 tvers av <a href=\"https:\/\/www.compasshrg.com\/no\/bransjer\/\">bransjer<\/a>, fagomr\u00e5der og stillingsniv\u00e5er. Over tid utvikler man et trenet blikk for hva som skiller en sterk CV fra en svak, og hvilke m\u00f8nstre som ofte g\u00e5r igjen hos gode kandidater. For hva er en god CV?<\/p>\n<p data-start=\"419\" data-end=\"759\">En CV er sjelden perfekt, og den gir aldri hele bildet av en person. Likevel gir den viktige signaler. Struktur, spr\u00e5k, valg av utdanning og hvordan arbeidserfaring er beskrevet, sier mye om kandidatens refleksjonsniv\u00e5, modenhet og forst\u00e5else av egen rolle. Sm\u00e5 detaljer kan avsl\u00f8re b\u00e5de motivasjon, arbeidsmetodikk og evne til \u00e5 se helhet.<\/p>\n<p data-start=\"761\" data-end=\"1049\">I denne artikkelen deler vi faktorer og gjennomg\u00e5ende tendenser vi ofte ser hos gode kandidater. M\u00e5let er ikke \u00e5 definere den \u00abperfekte\u00bb CV-en, men \u00e5 gi innsikt i hvordan rekrutterere vurderer CV-er i praksis. For til syvende og sist: Vi rekrutterer ikke CV-er, vi rekrutterer mennesker.<\/p>\n<blockquote>\n<p data-start=\"1107\" data-end=\"1207\">\n<\/blockquote>\n<p>[\/et_pb_text][et_pb_text _builder_version=&raquo;4.27.5&#8243; _module_preset=&raquo;default&raquo; global_colors_info=&raquo;{}&raquo;]<\/p>\n<h3 data-start=\"367\" data-end=\"379\">Struktur<\/h3>\n<p data-start=\"380\" data-end=\"551\">Det er ofte en klar sammenheng mellom en godt strukturert CV og en god kandidat. Selve oppsettet kan gi indikasjoner p\u00e5 hvor ryddig, strukturert og motivert kandidaten er.<\/p>\n<ul>\n<li style=\"list-style-type: none;\">\n<ul data-start=\"553\" data-end=\"720\">\n<li data-start=\"553\" data-end=\"586\">\n<p data-start=\"555\" data-end=\"586\">Er CV-en oversiktlig og ryddig?<\/p>\n<\/li>\n<li data-start=\"587\" data-end=\"660\">\n<p data-start=\"589\" data-end=\"660\">Er utdanning, arbeidserfaring og datoer korrekt og konsekvent f\u00f8rt opp?<\/p>\n<\/li>\n<li data-start=\"661\" data-end=\"684\">\n<p data-start=\"663\" data-end=\"684\">Finnes det stavefeil?<\/p>\n<\/li>\n<li data-start=\"685\" data-end=\"720\">\n<p data-start=\"687\" data-end=\"720\">Er spr\u00e5ket klart og profesjonelt?<\/p>\n<\/li>\n<\/ul>\n<\/li>\n<\/ul>\n<p data-start=\"722\" data-end=\"843\">Strukturen vurderes ofte f\u00f8r man g\u00e5r videre til innholdet, selv om det til syvende og sist er innholdet som er viktigst.<\/p>\n<p>[\/et_pb_text][et_pb_text _builder_version=&raquo;4.27.5&#8243; _module_preset=&raquo;default&raquo; global_colors_info=&raquo;{}&raquo;]<\/p>\n<h3 data-start=\"850\" data-end=\"862\">R\u00f8d tr\u00e5d<\/h3>\n<p data-start=\"863\" data-end=\"911\">Innholdet i CV-en b\u00f8r henge sammen og gi mening. <span style=\"font-size: 17px;\">Finnes det hull i CV-en som b\u00f8r forklares eller avdekkes? <\/span><span style=\"font-size: 17px;\">Er det en tydelig r\u00f8d tr\u00e5d i valg av utdanning, studiested og arbeidserfaring?<\/span><\/p>\n<p>[\/et_pb_text][et_pb_text _builder_version=&raquo;4.27.5&#8243; _module_preset=&raquo;default&raquo; global_colors_info=&raquo;{}&raquo;]<\/p>\n<h3 data-start=\"1060\" data-end=\"1091\">Tidspunkter for jobbskifter<\/h3>\n<p data-start=\"1092\" data-end=\"1143\">Hyppighet i jobbbytter gir ofte nyttig informasjon.<\/p>\n<ul>\n<li style=\"list-style-type: none;\">\n<ul>\n<li data-start=\"1147\" data-end=\"1185\">Hvor ofte har kandidaten skiftet jobb?<\/li>\n<li data-start=\"1186\" data-end=\"1228\">\n<p data-start=\"1188\" data-end=\"1228\">Hvilken progresjon har vedkommende hatt?<\/p>\n<\/li>\n<li data-start=\"1229\" data-end=\"1295\">\n<p data-start=\"1231\" data-end=\"1295\">Har det v\u00e6rt utvikling i ansvar, kompleksitet og niv\u00e5 i rollene?<\/p>\n<\/li>\n<li data-start=\"1296\" data-end=\"1365\">\n<p data-start=\"1298\" data-end=\"1365\">Har kandidaten rukket \u00e5 \u00ablevere varene\u00bb f\u00f8r nye utfordringer s\u00f8kes?<\/p>\n<\/li>\n<\/ul>\n<\/li>\n<\/ul>\n<p data-start=\"1367\" data-end=\"1493\"><strong data-start=\"1367\" data-end=\"1380\">Eksempel:<\/strong><br data-start=\"1380\" data-end=\"1383\" \/>En selger i en kompleks salgsrolle bytter jobb hvert andre \u00e5r. Har personen da levert f\u00f8r vedkommende slutter? <span style=\"font-size: 17px;\">Pr\u00f8vetid er ofte 6 m\u00e5neder og brukes til oppl\u00e6ring, men d<\/span><span style=\"font-size: 17px;\">et tar gjerne minst ett \u00e5r etter pr\u00f8vetid f\u00f8r resultater kan vurderes. <\/span><span style=\"font-size: 17px;\">Med 3 m\u00e5neders oppsigelsestid kan et mislykket arbeidsforhold fort strekke seg over n\u00e6rmere 2 \u00e5r<\/span><\/p>\n<p data-start=\"1721\" data-end=\"1854\"><strong data-start=\"1721\" data-end=\"1730\">Merk:<\/strong> De beste selgerne kan f\u00e5 bedre jobber etter rundt 2 \u00e5r, dette kan v\u00e6re vanskelig \u00e5 skille fra mindre vellykkede overganger.<\/p>\n<p>[\/et_pb_text][et_pb_text _builder_version=&raquo;4.27.5&#8243; _module_preset=&raquo;default&raquo; hover_enabled=&raquo;0&#8243; global_colors_info=&raquo;{}&raquo; sticky_enabled=&raquo;0&#8243;]<\/p>\n<h3 data-start=\"1861\" data-end=\"1886\">N\u00f8kkelkvalifikasjoner<\/h3>\n<p data-start=\"1887\" data-end=\"1963\">En god CV oppsummerer kandidatens n\u00f8kkelkvalifikasjoner tidlig i dokumentet. De b\u00f8r ogs\u00e5 v\u00e6re tilpasset stillingen kandidaten s\u00f8ker<\/p>\n<ul>\n<li style=\"list-style-type: none;\">\n<ul data-start=\"1965\" data-end=\"2137\">\n<li data-start=\"1965\" data-end=\"2014\">\n<p data-start=\"1967\" data-end=\"2014\">Viser refleksjon rundt egen rolle og kompetanse<\/p>\n<\/li>\n<li data-start=\"2015\" data-end=\"2094\">\n<p data-start=\"2017\" data-end=\"2028\">Inneholder: personlige egenskaper, bransjekompetanse og fagkompetanse<\/p>\n<\/li>\n<\/ul>\n<\/li>\n<\/ul>\n<p>[\/et_pb_text][et_pb_text _builder_version=&raquo;4.27.5&#8243; _module_preset=&raquo;default&raquo; global_colors_info=&raquo;{}&raquo;]<\/p>\n<h3 data-start=\"2144\" data-end=\"2183\">Evne til \u00e5 beskrive arbeidsoppgaver<\/h3>\n<p data-start=\"2184\" data-end=\"2275\">Evnen til \u00e5 beskrive egne arbeidsoppgaver og deres betydning for organisasjonen er sentral.<\/p>\n<ul>\n<li style=\"list-style-type: none;\">\n<ul data-start=\"2277\" data-end=\"2415\">\n<li data-start=\"2277\" data-end=\"2307\">\n<p data-start=\"2279\" data-end=\"2307\">Hva gj\u00f8r kandidaten konkret?<\/p>\n<\/li>\n<li data-start=\"2308\" data-end=\"2367\">\n<p data-start=\"2310\" data-end=\"2367\">Hvilken verdi skaper arbeidet for andre i organisasjonen?<\/p>\n<\/li>\n<li data-start=\"2368\" data-end=\"2415\">\n<p data-start=\"2370\" data-end=\"2415\">Forst\u00e5r kandidaten hvorfor oppgavene utf\u00f8res?<\/p>\n<\/li>\n<\/ul>\n<\/li>\n<\/ul>\n<p data-start=\"2417\" data-end=\"2508\">Sterke kandidater viser ofte interesse for helhet, verdiskaping og kontinuerlig forbedring.<\/p>\n<p>[\/et_pb_text][et_pb_text _builder_version=&raquo;4.27.5&#8243; _module_preset=&raquo;default&raquo; hover_enabled=&raquo;0&#8243; global_colors_info=&raquo;{}&raquo; sticky_enabled=&raquo;0&#8243;]<\/p>\n<h3 data-start=\"2515\" data-end=\"2534\">Interne opprykk<\/h3>\n<p data-start=\"2535\" data-end=\"2579\">Interne bevegelser kan si mye om kandidaten: interne opprykk indikerer ofte h\u00f8y prestasjon. I tillegg kan interne karriereskifter (f.eks. fra HR til salg eller linjeledelse) vise allsidighet, l\u00e6reevne og ressursstyrke.<\/p>\n<h3 data-start=\"2762\" data-end=\"2776\">Studiested<\/h3>\n<p data-start=\"2777\" data-end=\"2832\">Kunnskap om ulike studiesteder er nyttig i vurderingen:<\/p>\n<ul>\n<li style=\"list-style-type: none;\">\n<ul data-start=\"2834\" data-end=\"2936\">\n<li data-start=\"2834\" data-end=\"2861\">\n<p data-start=\"2836\" data-end=\"2861\">Hvor krevende er studiet?<\/p>\n<\/li>\n<li data-start=\"2862\" data-end=\"2898\">\n<p data-start=\"2864\" data-end=\"2898\">Hvor vanskelig er det \u00e5 komme inn?<\/p>\n<\/li>\n<li data-start=\"2899\" data-end=\"2936\">\n<p data-start=\"2901\" data-end=\"2936\">Toppstudenter s\u00f8ker ofte toppskoler<\/p>\n<\/li>\n<\/ul>\n<\/li>\n<\/ul>\n<p data-start=\"2938\" data-end=\"2979\"><strong data-start=\"2938\" data-end=\"2979\">Eksempler p\u00e5 anerkjente studiesteder <\/strong>er blant annet <a href=\"https:\/\/www.nhh.no\/\">NHH<\/a>, <a href=\"https:\/\/www.uio.no\/\">UiO<\/a>, <a href=\"https:\/\/www.ntnu.no\/\">NTNU<\/a>, <a href=\"https:\/\/www.uib.no\/\">UiB<\/a>, <a href=\"https:\/\/www.cbs.dk\/en\">Copenhagen Business School<\/a>.<\/p>\n<p data-start=\"3018\" data-end=\"3090\">Studier i utlandet kan variere mye i kvalitet. V\u00e6r s\u00e6rlig oppmerksom p\u00e5:<\/p>\n<ul>\n<li style=\"list-style-type: none;\">\n<ul data-start=\"3091\" data-end=\"3219\">\n<li data-start=\"3091\" data-end=\"3147\">\n<p data-start=\"3093\" data-end=\"3147\">MBA- og masterstudier gjennomf\u00f8rt hovedsakelig p\u00e5 nett<\/p>\n<\/li>\n<li data-start=\"3148\" data-end=\"3219\">\n<p data-start=\"3150\" data-end=\"3219\">Masterkurs som inng\u00e5r i videreutdanning (f.eks. Master of Management)<\/p>\n<\/li>\n<\/ul>\n<\/li>\n<\/ul>\n<h3 data-start=\"3226\" data-end=\"3263\">Studiegjennomf\u00f8ring og karakterer<\/h3>\n<ul>\n<li style=\"list-style-type: none;\">\n<ul data-start=\"3264\" data-end=\"3628\">\n<li data-start=\"3264\" data-end=\"3347\">\n<p data-start=\"3266\" data-end=\"3347\">Profesjonsstudier (ofte 5 \u00e5r+) stiller generelt h\u00f8yere krav enn bachelor + master<\/p>\n<\/li>\n<li data-start=\"3348\" data-end=\"3396\">\n<p data-start=\"3350\" data-end=\"3396\">Relevant arbeid under studiene teller positivt<\/p>\n<\/li>\n<li data-start=\"3397\" data-end=\"3463\">\n<p data-start=\"3399\" data-end=\"3463\">Omfattende arbeidserfaring kan kompensere for svakere karakterer<\/p>\n<\/li>\n<li data-start=\"3464\" data-end=\"3527\">\n<p data-start=\"3466\" data-end=\"3527\">Studier som ikke er fullf\u00f8rt p\u00e5 normert tid kan v\u00e6re negativt<\/p>\n<\/li>\n<li data-start=\"3528\" data-end=\"3577\">\n<p data-start=\"3530\" data-end=\"3577\">Studier uten oppn\u00e5dd grad er ofte ikke fullf\u00f8rt<\/p>\n<\/li>\n<li data-start=\"3578\" data-end=\"3628\">\n<p data-start=\"3580\" data-end=\"3628\">Gode karakterer korrelerer ofte med sterke evner<\/p>\n<\/li>\n<\/ul>\n<\/li>\n<\/ul>\n<p>[\/et_pb_text][et_pb_text _builder_version=&raquo;4.27.5&#8243; _module_preset=&raquo;default&raquo; global_colors_info=&raquo;{}&raquo;]<\/p>\n<p data-start=\"166\" data-end=\"447\">En god CV handler ikke om \u00e5 fylle flest mulig sider eller bruke de riktige buzzordene. Den handler om tydelighet, refleksjon og evnen til \u00e5 formidle egen erfaring p\u00e5 en m\u00e5te som gir mening for mottakeren. Struktur, sammenheng og progresjon er ofte like viktige som selve innholdet.<\/p>\n<p data-start=\"449\" data-end=\"732\">For <strong>kandidater<\/strong> betyr dette \u00e5 v\u00e6re bevisst hvilke signaler CV-en sender, ikke bare om hva du har gjort, men hvorfor du har gjort det, og hva det har skapt av verdi. For <strong>arbeidsgivere og rekrutterere<\/strong> handler det om \u00e5 se bak formatet og forst\u00e5 helheten i kandidatens valg og utvikling.<\/p>\n<p data-start=\"734\" data-end=\"919\">Til slutt er det verdt \u00e5 minne om det viktigste: En CV er et verkt\u00f8y, ikke et m\u00e5l i seg selv. Den skal \u00e5pne d\u00f8ren til en samtale, ikke v\u00e6re den endelige fasiten p\u00e5 hvem en kandidat er.<\/p>\n<p>[\/et_pb_text][\/et_pb_column][\/et_pb_row][et_pb_row _builder_version=&raquo;4.27.4&#8243; _module_preset=&raquo;default&raquo; global_colors_info=&raquo;{}&raquo;][et_pb_column type=&raquo;4_4&#8243; _builder_version=&raquo;4.27.4&#8243; _module_preset=&raquo;default&raquo; global_colors_info=&raquo;{}&raquo;][et_pb_button button_url=&raquo;https:\/\/www.compasshrg.com\/no\/kontakt\/&raquo; button_text=&raquo;Kontakt oss i dag&raquo; _builder_version=&raquo;4.27.4&#8243; _module_preset=&raquo;default&raquo; background_layout=&raquo;dark&raquo; global_colors_info=&raquo;{}&raquo;][\/et_pb_button][\/et_pb_column][\/et_pb_row][\/et_pb_section]<\/p>\n","protected":false},"excerpt":{"rendered":"<p>Hva ser vi som rekruttere etter n\u00e5r vi \u00e5pner en CV?<\/p>\n","protected":false},"author":5,"featured_media":281010,"comment_status":"closed","ping_status":"closed","sticky":false,"template":"","format":"standard","meta":{"_acf_changed":false,"_et_pb_use_builder":"on","_et_pb_old_content":"<p><span data-contrast=\"auto\">B\u00e6rekraft er blitt noe \u201calle\u201d tenker p\u00e5, mange prater om, og stadig flere gj\u00f8r noe med. Presset for \u00e5 levere p\u00e5 FNs b\u00e6rekraftsm\u00e5l p\u00e5virker n\u00e5 de fleste bransjer, men hvordan og hvor m\u00e5lene implementeres i organisasjoner varierer. Like varierende er betydningen for konkurranseevne og markedsposisjon. Det er en kompleks og tverrfaglig utfordring, og i Compass m\u00f8ter vi mange selskaper i ulike sektorer, samt kandidater som skal fylle nye roller innenfor b\u00e6rekraft.\u00a0<\/span><span data-ccp-props=\"{\"335559739\":0}\">\u00a0<\/span><\/p><h2><b><span data-contrast=\"auto\">Hvor skal b\u00e6rekraft ligge i organisasjonen?<\/span><\/b><span data-ccp-props=\"{\"335559739\":0}\">\u00a0<\/span><\/h2><p><span data-contrast=\"auto\">Ett sentralt sp\u00f8rsm\u00e5l mange virksomheter stiller seg er: Hvor skal b\u00e6rekraftsarbeidet plasseres i organisasjonen? Trenger vi en egen direkt\u00f8r for ESG (Environmental, Social, and Governance)?\u202f<\/span><span data-ccp-props=\"{\"335559739\":0}\">\u00a0<\/span><\/p><p><span data-contrast=\"auto\">Skal vi legge ansvaret under HR, CFO, eller kanskje til HMS-avdelingen? Dette er sp\u00f8rsm\u00e5l uten fasitsvar. N\u00e5r det gjelder b\u00e6rekraft har hver organisasjon ulike behov og modenhetsniv\u00e5et varierer. L\u00f8sningene m\u00e5 derfor ogs\u00e5 tilpasses hver enkelt.<\/span><span data-ccp-props=\"{\"335559739\":0}\">\u00a0<\/span><\/p><h2><b><span data-contrast=\"auto\">Gapet mellom ambisjon og virkelighet<\/span><\/b><span data-ccp-props=\"{\"335559739\":0}\">\u00a0<\/span><\/h2><p><span data-contrast=\"auto\">Dessverre ser vi ofte at det er et stort sprik mellom forventninger, modenhet og ambisjonsniv\u00e5 n\u00e5r det gjelder b\u00e6rekraft. Mange selskaper bruker mye tid p\u00e5 pr\u00f8ving og feiling, noe som kan f\u00f8re til skuffelse n\u00e5r realiteten ikke matcher ambisjonene for b\u00e5de bedrift og den ansatte. Dette gapet forverres av den hurtige utviklingen innen feltet. Organisasjoner m\u00e5 stadig tilpasse seg nye krav, teknologier og forventninger. For \u00e5 lykkes er det derfor avgj\u00f8rende \u00e5 sikre riktig ressurs og rett organisering. Dette handler ikke bare om \u00e5 finne personer med riktig kompetanse, men ogs\u00e5 om \u00e5 innlemme b\u00e6rekraft i den eksisterende organisasjonsstrukturen.<\/span><span data-ccp-props=\"{\"335559739\":0}\">\u00a0<\/span><\/p><h2><b><span data-contrast=\"auto\">B\u00e6rekraft som en strategisk ressurs<\/span><\/b><span data-ccp-props=\"{\"335559739\":0}\">\u00a0<\/span><\/h2><p><span data-contrast=\"auto\">En viktig erkjennelse er at b\u00e6rekraft ikke kun handler om \u00f8konomiske faktorer. I dagens marked er \u201cmyke\u201d kriterier \u2013 som bedriftens omd\u00f8mme, samfunnsansvar og milj\u00f8p\u00e5virkning \u2013 ofte like viktige som kostnadseffektivitet. For \u00e5 bevare konkurransekraft m\u00e5 virksomheter se p\u00e5 b\u00e6rekraft som en strategisk ressurs, ikke bare en stabsfunksjon.<\/span><span data-ccp-props=\"{\"335559739\":0}\">\u00a0<\/span><\/p><h2><b><span data-contrast=\"auto\">Fleksibilitet og innovasjon<\/span><\/b><span data-ccp-props=\"{\"335559739\":0}\">\u00a0<\/span><\/h2><p><span data-contrast=\"auto\">Den st\u00f8rste utfordringen ligger i \u00e5 tenke nytt. Bedrifter m\u00e5 tilpasse seg stadig endrede rammebetingelser, og det er derfor viktig \u00e5 integrere b\u00e6rekraftsarbeidet fleksibelt. Det er ikke n\u00f8dvendigvis en ferdig definert rolle som vil f\u00f8re til at man lykkes, men heller hvordan organisasjonen som helhet forst\u00e5r, verdsetter og jobber med b\u00e6rekraft i det daglige.<\/span><span data-ccp-props=\"{\"335559739\":0}\">\u00a0<\/span><\/p><h2><b><span data-contrast=\"auto\">Veien videre: Hvor plasserer du \u201cb\u00e6rekraftspoteten\u201d?<\/span><\/b><span data-ccp-props=\"{\"335559739\":0}\">\u00a0<\/span><\/h2><p><span data-contrast=\"auto\">S\u00e5, hvor plasserer du b\u00e6rekraft i organisasjonen? Det er viktigste er \u00e5 stille de riktige sp\u00f8rsm\u00e5lene. Er organisasjonen moden nok til \u00e5 ha en egen leder for b\u00e6rekraft? Finnes det ressurser i dag som kan utvikles? Kan det integreres som en del av eksisterende strukturer som HR, HMS eller \u00f8konomi? Uansett plassering, b\u00e6rekraft m\u00e5 innarbeides p\u00e5 en m\u00e5te som sikrer forankring i selskapets strategiske plan, konkurranseevne og verdier. Kanskje viktigst: hva vil kreves av personlige egenskaper og ferdigheter for \u00e5 n\u00e5 fastsatte m\u00e5l? Kompasset peker ikke alltid klart, men med en helhetlig og fleksibel tiln\u00e6rming kan man finne den riktige retningen. Det viktigste er \u00e5 v\u00e6re bevisst p\u00e5 at b\u00e6rekraft ikke bare noe \u00abnoen m\u00e5 fikse\u00bb, men et tankesett som m\u00e5 inn i kulturen for v\u00e6re konkurransedyktig i dagens og fremtidens marked med <\/span><span data-contrast=\"auto\">den rette personen<\/span><span data-contrast=\"auto\"> i f\u00f8rersetet.<\/span><span data-ccp-props=\"{\"335559739\":0}\">\u00a0<\/span><\/p>","_et_gb_content_width":"","om_disable_all_campaigns":false,"inline_featured_image":false,"_uf_show_specific_survey":0,"_uf_disable_surveys":false,"footnotes":""},"categories":[85],"tags":[],"class_list":["post-281006","post","type-post","status-publish","format-standard","has-post-thumbnail","hentry","category-uncategorized-no"],"acf":[],"yoast_head":"<!-- This site is optimized with the Yoast SEO plugin v27.1.1 - https:\/\/yoast.com\/product\/yoast-seo-wordpress\/ -->\n<title>Hva er en god CV? Rekruttereres viktigste vurderinger<\/title>\n<meta name=\"description\" content=\"Hva er en god CV? Vi deler v\u00e5re vurderinger av kjenntegnene p\u00e5 god struktur, jobbskifter, n\u00f8kkelkvalifikasjoner og utdanning.\" \/>\n<meta name=\"robots\" content=\"index, follow, max-snippet:-1, max-image-preview:large, max-video-preview:-1\" \/>\n<link rel=\"canonical\" href=\"https:\/\/www.compasshrg.com\/no\/blog\/hva-er-en-god-cv\/\" \/>\n<meta property=\"og:locale\" content=\"nb_NO\" \/>\n<meta property=\"og:type\" content=\"article\" \/>\n<meta property=\"og:title\" content=\"Hva er en god CV? Rekruttereres viktigste vurderinger\" \/>\n<meta property=\"og:description\" content=\"Hva er en god CV? Vi deler v\u00e5re vurderinger av kjenntegnene p\u00e5 god struktur, jobbskifter, n\u00f8kkelkvalifikasjoner og utdanning.\" \/>\n<meta property=\"og:url\" content=\"https:\/\/www.compasshrg.com\/no\/blog\/hva-er-en-god-cv\/\" \/>\n<meta property=\"og:site_name\" content=\"Compass HRG\" \/>\n<meta property=\"article:publisher\" content=\"https:\/\/www.facebook.com\/compasshrgdk\" \/>\n<meta property=\"article:published_time\" content=\"2026-01-28T11:41:02+00:00\" \/>\n<meta property=\"article:modified_time\" content=\"2026-01-28T11:50:38+00:00\" \/>\n<meta property=\"og:image\" content=\"https:\/\/www.compasshrg.com\/wp-content\/uploads\/2026\/01\/God-CV-rekruttering.jpg\" \/>\n\t<meta property=\"og:image:width\" content=\"607\" \/>\n\t<meta property=\"og:image:height\" content=\"392\" \/>\n\t<meta property=\"og:image:type\" content=\"image\/jpeg\" \/>\n<meta name=\"author\" content=\"clg@compass.no\" \/>\n<meta name=\"twitter:card\" content=\"summary_large_image\" \/>\n<meta name=\"twitter:label1\" content=\"Skrevet av\" \/>\n\t<meta name=\"twitter:data1\" content=\"clg@compass.no\" \/>\n\t<meta name=\"twitter:label2\" content=\"Ansl. lesetid\" \/>\n\t<meta name=\"twitter:data2\" content=\"4 minutter\" \/>\n<script type=\"application\/ld+json\" class=\"yoast-schema-graph\">{\"@context\":\"https:\/\/schema.org\",\"@graph\":[{\"@type\":\"Article\",\"@id\":\"https:\/\/www.compasshrg.com\/no\/blog\/hva-er-en-god-cv\/#article\",\"isPartOf\":{\"@id\":\"https:\/\/www.compasshrg.com\/no\/blog\/hva-er-en-god-cv\/\"},\"author\":{\"name\":\"clg@compass.no\",\"@id\":\"https:\/\/www.compasshrg.com\/no\/#\/schema\/person\/8c46d27282cf892048f151b82447240a\"},\"headline\":\"Hva er en god CV?\",\"datePublished\":\"2026-01-28T11:41:02+00:00\",\"dateModified\":\"2026-01-28T11:50:38+00:00\",\"mainEntityOfPage\":{\"@id\":\"https:\/\/www.compasshrg.com\/no\/blog\/hva-er-en-god-cv\/\"},\"wordCount\":1032,\"publisher\":{\"@id\":\"https:\/\/www.compasshrg.com\/no\/#organization\"},\"image\":{\"@id\":\"https:\/\/www.compasshrg.com\/no\/blog\/hva-er-en-god-cv\/#primaryimage\"},\"thumbnailUrl\":\"https:\/\/www.compasshrg.com\/wp-content\/uploads\/2026\/01\/God-CV-rekruttering.jpg\",\"articleSection\":[\"Uncategorized @no\"],\"inLanguage\":\"nb-NO\"},{\"@type\":\"WebPage\",\"@id\":\"https:\/\/www.compasshrg.com\/no\/blog\/hva-er-en-god-cv\/\",\"url\":\"https:\/\/www.compasshrg.com\/no\/blog\/hva-er-en-god-cv\/\",\"name\":\"Hva er en god CV? Rekruttereres viktigste vurderinger\",\"isPartOf\":{\"@id\":\"https:\/\/www.compasshrg.com\/no\/#website\"},\"primaryImageOfPage\":{\"@id\":\"https:\/\/www.compasshrg.com\/no\/blog\/hva-er-en-god-cv\/#primaryimage\"},\"image\":{\"@id\":\"https:\/\/www.compasshrg.com\/no\/blog\/hva-er-en-god-cv\/#primaryimage\"},\"thumbnailUrl\":\"https:\/\/www.compasshrg.com\/wp-content\/uploads\/2026\/01\/God-CV-rekruttering.jpg\",\"datePublished\":\"2026-01-28T11:41:02+00:00\",\"dateModified\":\"2026-01-28T11:50:38+00:00\",\"description\":\"Hva er en god CV? Vi deler v\u00e5re vurderinger av kjenntegnene p\u00e5 god struktur, jobbskifter, n\u00f8kkelkvalifikasjoner og utdanning.\",\"breadcrumb\":{\"@id\":\"https:\/\/www.compasshrg.com\/no\/blog\/hva-er-en-god-cv\/#breadcrumb\"},\"inLanguage\":\"nb-NO\",\"potentialAction\":[{\"@type\":\"ReadAction\",\"target\":[\"https:\/\/www.compasshrg.com\/no\/blog\/hva-er-en-god-cv\/\"]}]},{\"@type\":\"ImageObject\",\"inLanguage\":\"nb-NO\",\"@id\":\"https:\/\/www.compasshrg.com\/no\/blog\/hva-er-en-god-cv\/#primaryimage\",\"url\":\"https:\/\/www.compasshrg.com\/wp-content\/uploads\/2026\/01\/God-CV-rekruttering.jpg\",\"contentUrl\":\"https:\/\/www.compasshrg.com\/wp-content\/uploads\/2026\/01\/God-CV-rekruttering.jpg\",\"width\":607,\"height\":392,\"caption\":\"Eksempel p\u00e5 hva rekrutterere vurderer i en god CV\"},{\"@type\":\"BreadcrumbList\",\"@id\":\"https:\/\/www.compasshrg.com\/no\/blog\/hva-er-en-god-cv\/#breadcrumb\",\"itemListElement\":[{\"@type\":\"ListItem\",\"position\":1,\"name\":\"Compass HRG\",\"item\":\"https:\/\/www.compasshrg.com\/no\/\"},{\"@type\":\"ListItem\",\"position\":2,\"name\":\"Hva er en god CV?\"}]},{\"@type\":\"WebSite\",\"@id\":\"https:\/\/www.compasshrg.com\/no\/#website\",\"url\":\"https:\/\/www.compasshrg.com\/no\/\",\"name\":\"Compass HRG\",\"description\":\"Your HR Service Partner\",\"publisher\":{\"@id\":\"https:\/\/www.compasshrg.com\/no\/#organization\"},\"potentialAction\":[{\"@type\":\"SearchAction\",\"target\":{\"@type\":\"EntryPoint\",\"urlTemplate\":\"https:\/\/www.compasshrg.com\/no\/?s={search_term_string}\"},\"query-input\":{\"@type\":\"PropertyValueSpecification\",\"valueRequired\":true,\"valueName\":\"search_term_string\"}}],\"inLanguage\":\"nb-NO\"},{\"@type\":\"Organization\",\"@id\":\"https:\/\/www.compasshrg.com\/no\/#organization\",\"name\":\"Compass HRG\",\"url\":\"https:\/\/www.compasshrg.com\/no\/\",\"logo\":{\"@type\":\"ImageObject\",\"inLanguage\":\"nb-NO\",\"@id\":\"https:\/\/www.compasshrg.com\/no\/#\/schema\/logo\/image\/\",\"url\":\"\",\"contentUrl\":\"\",\"caption\":\"Compass HRG\"},\"image\":{\"@id\":\"https:\/\/www.compasshrg.com\/no\/#\/schema\/logo\/image\/\"},\"sameAs\":[\"https:\/\/www.facebook.com\/compasshrgdk\"]},{\"@type\":\"Person\",\"@id\":\"https:\/\/www.compasshrg.com\/no\/#\/schema\/person\/8c46d27282cf892048f151b82447240a\",\"name\":\"clg@compass.no\",\"image\":{\"@type\":\"ImageObject\",\"inLanguage\":\"nb-NO\",\"@id\":\"https:\/\/www.compasshrg.com\/no\/#\/schema\/person\/image\/\",\"url\":\"https:\/\/secure.gravatar.com\/avatar\/693b26cbced543d896e73c41e8a47e766aaaf4638b5ca064f2a3ba3c6691a28e?s=96&d=mm&r=g\",\"contentUrl\":\"https:\/\/secure.gravatar.com\/avatar\/693b26cbced543d896e73c41e8a47e766aaaf4638b5ca064f2a3ba3c6691a28e?s=96&d=mm&r=g\",\"caption\":\"clg@compass.no\"}}]}<\/script>\n<!-- \/ Yoast SEO plugin. -->","yoast_head_json":{"title":"Hva er en god CV? Rekruttereres viktigste vurderinger","description":"Hva er en god CV? Vi deler v\u00e5re vurderinger av kjenntegnene p\u00e5 god struktur, jobbskifter, n\u00f8kkelkvalifikasjoner og utdanning.","robots":{"index":"index","follow":"follow","max-snippet":"max-snippet:-1","max-image-preview":"max-image-preview:large","max-video-preview":"max-video-preview:-1"},"canonical":"https:\/\/www.compasshrg.com\/no\/blog\/hva-er-en-god-cv\/","og_locale":"nb_NO","og_type":"article","og_title":"Hva er en god CV? Rekruttereres viktigste vurderinger","og_description":"Hva er en god CV? Vi deler v\u00e5re vurderinger av kjenntegnene p\u00e5 god struktur, jobbskifter, n\u00f8kkelkvalifikasjoner og utdanning.","og_url":"https:\/\/www.compasshrg.com\/no\/blog\/hva-er-en-god-cv\/","og_site_name":"Compass HRG","article_publisher":"https:\/\/www.facebook.com\/compasshrgdk","article_published_time":"2026-01-28T11:41:02+00:00","article_modified_time":"2026-01-28T11:50:38+00:00","og_image":[{"width":607,"height":392,"url":"https:\/\/www.compasshrg.com\/wp-content\/uploads\/2026\/01\/God-CV-rekruttering.jpg","type":"image\/jpeg"}],"author":"clg@compass.no","twitter_card":"summary_large_image","twitter_misc":{"Skrevet av":"clg@compass.no","Ansl. lesetid":"4 minutter"},"schema":{"@context":"https:\/\/schema.org","@graph":[{"@type":"Article","@id":"https:\/\/www.compasshrg.com\/no\/blog\/hva-er-en-god-cv\/#article","isPartOf":{"@id":"https:\/\/www.compasshrg.com\/no\/blog\/hva-er-en-god-cv\/"},"author":{"name":"clg@compass.no","@id":"https:\/\/www.compasshrg.com\/no\/#\/schema\/person\/8c46d27282cf892048f151b82447240a"},"headline":"Hva er en god CV?","datePublished":"2026-01-28T11:41:02+00:00","dateModified":"2026-01-28T11:50:38+00:00","mainEntityOfPage":{"@id":"https:\/\/www.compasshrg.com\/no\/blog\/hva-er-en-god-cv\/"},"wordCount":1032,"publisher":{"@id":"https:\/\/www.compasshrg.com\/no\/#organization"},"image":{"@id":"https:\/\/www.compasshrg.com\/no\/blog\/hva-er-en-god-cv\/#primaryimage"},"thumbnailUrl":"https:\/\/www.compasshrg.com\/wp-content\/uploads\/2026\/01\/God-CV-rekruttering.jpg","articleSection":["Uncategorized @no"],"inLanguage":"nb-NO"},{"@type":"WebPage","@id":"https:\/\/www.compasshrg.com\/no\/blog\/hva-er-en-god-cv\/","url":"https:\/\/www.compasshrg.com\/no\/blog\/hva-er-en-god-cv\/","name":"Hva er en god CV? Rekruttereres viktigste vurderinger","isPartOf":{"@id":"https:\/\/www.compasshrg.com\/no\/#website"},"primaryImageOfPage":{"@id":"https:\/\/www.compasshrg.com\/no\/blog\/hva-er-en-god-cv\/#primaryimage"},"image":{"@id":"https:\/\/www.compasshrg.com\/no\/blog\/hva-er-en-god-cv\/#primaryimage"},"thumbnailUrl":"https:\/\/www.compasshrg.com\/wp-content\/uploads\/2026\/01\/God-CV-rekruttering.jpg","datePublished":"2026-01-28T11:41:02+00:00","dateModified":"2026-01-28T11:50:38+00:00","description":"Hva er en god CV? Vi deler v\u00e5re vurderinger av kjenntegnene p\u00e5 god struktur, jobbskifter, n\u00f8kkelkvalifikasjoner og utdanning.","breadcrumb":{"@id":"https:\/\/www.compasshrg.com\/no\/blog\/hva-er-en-god-cv\/#breadcrumb"},"inLanguage":"nb-NO","potentialAction":[{"@type":"ReadAction","target":["https:\/\/www.compasshrg.com\/no\/blog\/hva-er-en-god-cv\/"]}]},{"@type":"ImageObject","inLanguage":"nb-NO","@id":"https:\/\/www.compasshrg.com\/no\/blog\/hva-er-en-god-cv\/#primaryimage","url":"https:\/\/www.compasshrg.com\/wp-content\/uploads\/2026\/01\/God-CV-rekruttering.jpg","contentUrl":"https:\/\/www.compasshrg.com\/wp-content\/uploads\/2026\/01\/God-CV-rekruttering.jpg","width":607,"height":392,"caption":"Eksempel p\u00e5 hva rekrutterere vurderer i en god CV"},{"@type":"BreadcrumbList","@id":"https:\/\/www.compasshrg.com\/no\/blog\/hva-er-en-god-cv\/#breadcrumb","itemListElement":[{"@type":"ListItem","position":1,"name":"Compass HRG","item":"https:\/\/www.compasshrg.com\/no\/"},{"@type":"ListItem","position":2,"name":"Hva er en god CV?"}]},{"@type":"WebSite","@id":"https:\/\/www.compasshrg.com\/no\/#website","url":"https:\/\/www.compasshrg.com\/no\/","name":"Compass HRG","description":"Your HR Service Partner","publisher":{"@id":"https:\/\/www.compasshrg.com\/no\/#organization"},"potentialAction":[{"@type":"SearchAction","target":{"@type":"EntryPoint","urlTemplate":"https:\/\/www.compasshrg.com\/no\/?s={search_term_string}"},"query-input":{"@type":"PropertyValueSpecification","valueRequired":true,"valueName":"search_term_string"}}],"inLanguage":"nb-NO"},{"@type":"Organization","@id":"https:\/\/www.compasshrg.com\/no\/#organization","name":"Compass HRG","url":"https:\/\/www.compasshrg.com\/no\/","logo":{"@type":"ImageObject","inLanguage":"nb-NO","@id":"https:\/\/www.compasshrg.com\/no\/#\/schema\/logo\/image\/","url":"","contentUrl":"","caption":"Compass HRG"},"image":{"@id":"https:\/\/www.compasshrg.com\/no\/#\/schema\/logo\/image\/"},"sameAs":["https:\/\/www.facebook.com\/compasshrgdk"]},{"@type":"Person","@id":"https:\/\/www.compasshrg.com\/no\/#\/schema\/person\/8c46d27282cf892048f151b82447240a","name":"clg@compass.no","image":{"@type":"ImageObject","inLanguage":"nb-NO","@id":"https:\/\/www.compasshrg.com\/no\/#\/schema\/person\/image\/","url":"https:\/\/secure.gravatar.com\/avatar\/693b26cbced543d896e73c41e8a47e766aaaf4638b5ca064f2a3ba3c6691a28e?s=96&d=mm&r=g","contentUrl":"https:\/\/secure.gravatar.com\/avatar\/693b26cbced543d896e73c41e8a47e766aaaf4638b5ca064f2a3ba3c6691a28e?s=96&d=mm&r=g","caption":"clg@compass.no"}}]}},"_links":{"self":[{"href":"https:\/\/www.compasshrg.com\/no\/wp-json\/wp\/v2\/posts\/281006","targetHints":{"allow":["GET"]}}],"collection":[{"href":"https:\/\/www.compasshrg.com\/no\/wp-json\/wp\/v2\/posts"}],"about":[{"href":"https:\/\/www.compasshrg.com\/no\/wp-json\/wp\/v2\/types\/post"}],"author":[{"embeddable":true,"href":"https:\/\/www.compasshrg.com\/no\/wp-json\/wp\/v2\/users\/5"}],"replies":[{"embeddable":true,"href":"https:\/\/www.compasshrg.com\/no\/wp-json\/wp\/v2\/comments?post=281006"}],"version-history":[{"count":10,"href":"https:\/\/www.compasshrg.com\/no\/wp-json\/wp\/v2\/posts\/281006\/revisions"}],"predecessor-version":[{"id":281022,"href":"https:\/\/www.compasshrg.com\/no\/wp-json\/wp\/v2\/posts\/281006\/revisions\/281022"}],"wp:featuredmedia":[{"embeddable":true,"href":"https:\/\/www.compasshrg.com\/no\/wp-json\/wp\/v2\/media\/281010"}],"wp:attachment":[{"href":"https:\/\/www.compasshrg.com\/no\/wp-json\/wp\/v2\/media?parent=281006"}],"wp:term":[{"taxonomy":"category","embeddable":true,"href":"https:\/\/www.compasshrg.com\/no\/wp-json\/wp\/v2\/categories?post=281006"},{"taxonomy":"post_tag","embeddable":true,"href":"https:\/\/www.compasshrg.com\/no\/wp-json\/wp\/v2\/tags?post=281006"}],"curies":[{"name":"wp","href":"https:\/\/api.w.org\/{rel}","templated":true}]}}