{"id":272153,"date":"2024-10-08T13:29:58","date_gmt":"2024-10-08T11:29:58","guid":{"rendered":"https:\/\/www.compasshrg.com\/?p=272153"},"modified":"2024-10-08T13:36:12","modified_gmt":"2024-10-08T11:36:12","slug":"framgangsrikt-samarbete-mellan-compass-hrg-och-arvika-kommun","status":"publish","type":"post","link":"https:\/\/www.compasshrg.com\/sv\/blog\/framgangsrikt-samarbete-mellan-compass-hrg-och-arvika-kommun\/","title":{"rendered":"Ett rikst\u00e4ckande kandidatunderlag fr\u00e5n b\u00e5de den privata och offentliga sektorn var nyckeln i samarbetet mellan Compass HRG och Arvika Kommun i Sverige."},"content":{"rendered":"<p><em>\u201dCompass djupa f\u00f6rst\u00e5else f\u00f6r offentlig sektor och ambiti\u00f6sa arbete f\u00f6r att l\u00e4ra k\u00e4nna Arvika kommun, gjorde det m\u00f6jligt att locka nya och kvalificerade ledare till tv\u00e5 chefstj\u00e4nster inom kommunen\u201d<\/em>. S\u00e4ger Andreas Solin \u2013 HR-chef i Arvika kommun<\/p>\n<h2>Arvika Kommun har tidigare haft utmaningar med att attrahera relevanta kandidater till flera chefspositioner i kommunen.<\/h2>\n<p>Ett st\u00f6rre kandidatunderlag fr\u00e5n b\u00e5de den offentliga och privata sektorn resulterade i tv\u00e5 mycket framg\u00e5ngsrika rekryteringar under det senast \u00e5ret. Compass HRG och Arvika Kommun i Sverige har samarbetat sedan 2023, d\u00e5 Andreas Solin s\u00f6kte tv\u00e5 nya chefer. Valet av Compass HRG som rekryteringspartner gjorde det m\u00f6jligt att \u00f6ppna upp f\u00f6r ett nationellt urval av kandidater fr\u00e5n b\u00e5de offentliga och privata verksamheter, eftersom det beh\u00f6vdes tv\u00e5 nya chefer till befattningar p\u00e5 h\u00f6gsta niv\u00e5.<\/p>\n<p>Om Compass HRG f\u00f6rm\u00e5ga att s\u00f6ka kandidater i hela Sverige s\u00e4ger Andreas Solin: <em>&#8221;Vi har generellt sv\u00e5rt att attrahera kandidater p\u00e5 grund av v\u00e5rt geografiska l\u00e4ge. D\u00e4rf\u00f6r \u00e4r det viktigt f\u00f6r oss att en samarbetspartner har ett bra driv och framf\u00f6r allt f\u00f6rm\u00e5gan att s\u00f6ka i b\u00e5de den offentliga och privata sektorn.&#8221; <\/em><\/p>\n<p>Och om just samarbetet med Bo Bengtsson, Senior Consultant p\u00e5 Compass HRG, s\u00e4ger Andreas Solin: <em>&#8221;Bo har gett den b\u00e4sta m\u00f6jliga upplevelsen, och b\u00e5de han och teamet p\u00e5 CHRG har lyckats skapa ett omfattande n\u00e4tverk av kandidater fr\u00e5n hela landet, d\u00e4r vi har f\u00e5tt tydligt positiv feedback.&#8221;<\/em><\/p>\n<h2>Utrymme f\u00f6r arbete och familj \u2014 och ett fokus p\u00e5 hela livet.<\/h2>\n<p>I Arvika Kommun vill man inte bara vara &#8221;n\u00e4sta steg&#8221; i karri\u00e4ren. &#8221;<em>Om du vill bo i Arvika vill du ha ett liv med utrymme f\u00f6r b\u00e5de familj och arbete. Vi har en vacker natur och vi rekryterar m\u00e4nniskor som vill ha en livsstil med plats f\u00f6r b\u00e5de karri\u00e4r och natur och familj. Vi har stort fokus p\u00e5 &#8217;hela livet&#8217;,&#8221; <\/em>s\u00e4ger Andreas Solin.<\/p>\n<p>Betoningen p\u00e5 en tydlig balans mellan arbete och familjeliv spelar en viktig roll i ber\u00e4ttelsen om Arvika Kommun som arbetsplats \u2014 en ber\u00e4ttelse som Bo Bengtsson har varit med och skapat i syftet att attrahera relevanta kandidater till de tv\u00e5 ledartj\u00e4nsterna.<\/p>\n<p><em>&#8221;M\u00e5nga tidigare samarbetspartners har fokuserat mycket p\u00e5 den enskilda individens karri\u00e4r. Bo har visat intresse f\u00f6r att l\u00e4ra k\u00e4nna oss och han har lyckats f\u00f6rmedla den ber\u00e4ttelse om liv och arbetsliv som vi vill f\u00f6rmedla i Arvika Kommun,&#8221;<\/em> s\u00e4ger Andreas Solin.<\/p>\n<p>F\u00f6rm\u00e5gan att bredda kandidatunderlaget och hitta r\u00e4tt kandidater till Arvika Kommun har varit avg\u00f6rande f\u00f6r anst\u00e4llningen av de tv\u00e5 nya cheferna: <em>&#8221;Vi \u00e4r v\u00e4ldigt glada f\u00f6r b\u00e5da nya cheferna. Den ena kandidaten \u00e4r en yngre man som har r\u00e4tt personliga kvalifikationer. Vi har samtidigt gjort det m\u00f6jligt f\u00f6r honom, som sm\u00e5barnsf\u00f6r\u00e4lder, att skapa ett liv d\u00e4r inte allt handlar om arbete. Den andra kandidaten kommer fr\u00e5n den privata sektorn och bidrar med mycket erfarenhet som \u00e4r direkt relevant f\u00f6r oss.&#8221;<\/em><\/p>\n<p>Andreas Solin har varit HR-chef i Arvika Kommun de senaste \u00e5tta \u00e5ren. Han upplever att lokala rekryteringsf\u00f6retag ofta inte f\u00f6rst\u00e5r komplexiteten i rekrytering p\u00e5 h\u00f6gsta niv\u00e5, och urvalet av kandidater har d\u00e4rf\u00f6r varit begr\u00e4nsat.<\/p>\n<p>Om bakgrunden till valet av samarbetet med Compass HRG s\u00e4ger Andreas Solin: <em>&#8221;I Arvika Kommun, liksom i m\u00e5nga andra kommuner, st\u00e5r vi inf\u00f6r st\u00f6rre demografiska utmaningar med bland annat m\u00e5nga \u00e4ldre och f\u00e4rre yngre inv\u00e5nare. Det \u00e4r ett komplext omr\u00e5de som vi, som ledande inom kommunen, m\u00e5ste kunna omfamna och f\u00f6rst\u00e5. Detta g\u00e4ller i h\u00f6g grad ocks\u00e5 n\u00e4r vi rekryterar nya chefer. D\u00e4rf\u00f6r beh\u00f6ver vi ocks\u00e5 en samarbetspartner som f\u00f6rst\u00e5r denna komplexitet och kan attrahera r\u00e4tt kandidater.&#8221;<\/em><\/p>\n<h2>Viktiga relationer idag och i framtiden!<\/h2>\n<p>N\u00e4r det \u00e4r sv\u00e5rt att attrahera kandidater, r\u00e4knas alla relationer \u2014 \u00e4ven om det inte blir en tr\u00e4ff direkt. En bra rekryteringsprocess har d\u00e4rf\u00f6r stor betydelse f\u00f6r relationen med kandidaterna och f\u00f6r framtida dialog.<\/p>\n<p>En nyfikenhet och f\u00f6rm\u00e5ga att f\u00f6rst\u00e5 Arvika Kommun har gett kandidaterna en bra bild av vilka utmaningar och vilken typ av organisation de stod inf\u00f6r. <em>&#8221;Bo och teamet gjorde ett riktigt bra f\u00f6rsta intryck hos kandidaterna och de var v\u00e4l f\u00f6rberedda. \u00c4ven om m\u00e5nga i den privata sektorn ligger l\u00f6nem\u00e4ssigt \u00f6ver vad vi kunde erbjuda, var de fortfarande intresserade,&#8221;<\/em> s\u00e4ger Andreas Solin och avslutar: <em>&#8221;Det faktum att vi fortfarande har kontakt med n\u00e5gra kandidater visar vikten av att bygga goda relationer. S\u00e5 \u00e4ven om vi m\u00e5ste tacka nej till flera, har vi nu relationer som vi kan bygga vidare p\u00e5 i framtiden.&#8221;<\/em><\/p>\n","protected":false},"excerpt":{"rendered":"<p>CASE:  En god kunskap och ber\u00e4ttelse om Arvika Kommun, som en attraktiv arbetsplats med fokus p\u00e5 hela livet, gjorde det m\u00f6jligt att attrahera nya och kvalificerade ledare till tv\u00e5 ledartj\u00e4nster i kommunen.<\/p>\n","protected":false},"author":3,"featured_media":272155,"comment_status":"closed","ping_status":"closed","sticky":false,"template":"","format":"standard","meta":{"_acf_changed":false,"_et_pb_use_builder":"","_et_pb_old_content":"","_et_gb_content_width":"","om_disable_all_campaigns":false,"inline_featured_image":false,"_uf_show_specific_survey":0,"_uf_disable_surveys":false,"footnotes":""},"categories":[86],"tags":[],"class_list":["post-272153","post","type-post","status-publish","format-standard","has-post-thumbnail","hentry","category-okategoriserad"],"acf":[],"yoast_head":"<!-- This site is optimized with the Yoast SEO plugin v27.1.1 - https:\/\/yoast.com\/product\/yoast-seo-wordpress\/ -->\n<title>Framg\u00e5ngsrikt samarbete mellan Compass HRG och Arvika Kommun | Compass HRG<\/title>\n<meta name=\"description\" content=\"CASE: En god kunskap och ber\u00e4ttelse om Arvika Kommun, som en attraktiv arbetsplats med fokus p\u00e5 hela livet, gjorde det m\u00f6jligt att attrahera nya och kvalificerade ledare till tv\u00e5 ledartj\u00e4nster i kommunen.\" \/>\n<meta name=\"robots\" content=\"index, follow, max-snippet:-1, max-image-preview:large, max-video-preview:-1\" \/>\n<link rel=\"canonical\" href=\"https:\/\/www.compasshrg.com\/sv\/blog\/framgangsrikt-samarbete-mellan-compass-hrg-och-arvika-kommun\/\" \/>\n<meta property=\"og:locale\" content=\"sv_SE\" \/>\n<meta property=\"og:type\" content=\"article\" \/>\n<meta property=\"og:title\" content=\"Framg\u00e5ngsrikt samarbete mellan Compass HRG och Arvika Kommun | Compass HRG\" \/>\n<meta property=\"og:description\" content=\"CASE: En god kunskap och ber\u00e4ttelse om Arvika Kommun, som en attraktiv arbetsplats med fokus p\u00e5 hela livet, gjorde det m\u00f6jligt att attrahera nya och kvalificerade ledare till tv\u00e5 ledartj\u00e4nster i kommunen.\" \/>\n<meta property=\"og:url\" content=\"https:\/\/www.compasshrg.com\/sv\/blog\/framgangsrikt-samarbete-mellan-compass-hrg-och-arvika-kommun\/\" \/>\n<meta property=\"og:site_name\" content=\"Compass HRG\" \/>\n<meta property=\"article:publisher\" content=\"https:\/\/www.facebook.com\/compasshrgdk\" \/>\n<meta property=\"article:published_time\" content=\"2024-10-08T11:29:58+00:00\" \/>\n<meta property=\"article:modified_time\" content=\"2024-10-08T11:36:12+00:00\" \/>\n<meta property=\"og:image\" content=\"https:\/\/www.compasshrg.com\/wp-content\/uploads\/2024\/10\/Herobild_1800x612_host3.jpg\" \/>\n\t<meta property=\"og:image:width\" content=\"1800\" \/>\n\t<meta property=\"og:image:height\" content=\"612\" \/>\n\t<meta property=\"og:image:type\" content=\"image\/jpeg\" \/>\n<meta name=\"author\" content=\"astrid.rorbye@compasshrg.com\" \/>\n<meta name=\"twitter:card\" content=\"summary_large_image\" \/>\n<meta name=\"twitter:label1\" content=\"Skriven av\" \/>\n\t<meta name=\"twitter:data1\" content=\"astrid.rorbye@compasshrg.com\" \/>\n\t<meta name=\"twitter:label2\" content=\"Ber\u00e4knad l\u00e4stid\" \/>\n\t<meta name=\"twitter:data2\" content=\"4 minuter\" \/>\n<script type=\"application\/ld+json\" class=\"yoast-schema-graph\">{\"@context\":\"https:\/\/schema.org\",\"@graph\":[{\"@type\":\"Article\",\"@id\":\"https:\/\/www.compasshrg.com\/sv\/blog\/framgangsrikt-samarbete-mellan-compass-hrg-och-arvika-kommun\/#article\",\"isPartOf\":{\"@id\":\"https:\/\/www.compasshrg.com\/sv\/blog\/framgangsrikt-samarbete-mellan-compass-hrg-och-arvika-kommun\/\"},\"author\":{\"name\":\"astrid.rorbye@compasshrg.com\",\"@id\":\"https:\/\/www.compasshrg.com\/sv\/#\/schema\/person\/48e7d4f61190ab6deecab6cace8732ab\"},\"headline\":\"Ett rikst\u00e4ckande kandidatunderlag fr\u00e5n b\u00e5de den privata och offentliga sektorn var nyckeln i samarbetet mellan Compass HRG och Arvika Kommun i Sverige.\",\"datePublished\":\"2024-10-08T11:29:58+00:00\",\"dateModified\":\"2024-10-08T11:36:12+00:00\",\"mainEntityOfPage\":{\"@id\":\"https:\/\/www.compasshrg.com\/sv\/blog\/framgangsrikt-samarbete-mellan-compass-hrg-och-arvika-kommun\/\"},\"wordCount\":867,\"publisher\":{\"@id\":\"https:\/\/www.compasshrg.com\/sv\/#organization\"},\"image\":{\"@id\":\"https:\/\/www.compasshrg.com\/sv\/blog\/framgangsrikt-samarbete-mellan-compass-hrg-och-arvika-kommun\/#primaryimage\"},\"thumbnailUrl\":\"https:\/\/www.compasshrg.com\/wp-content\/uploads\/2024\/10\/Herobild_1800x612_host3.jpg\",\"articleSection\":[\"Okategoriserad\"],\"inLanguage\":\"sv-SE\"},{\"@type\":\"WebPage\",\"@id\":\"https:\/\/www.compasshrg.com\/sv\/blog\/framgangsrikt-samarbete-mellan-compass-hrg-och-arvika-kommun\/\",\"url\":\"https:\/\/www.compasshrg.com\/sv\/blog\/framgangsrikt-samarbete-mellan-compass-hrg-och-arvika-kommun\/\",\"name\":\"Framg\u00e5ngsrikt samarbete mellan Compass HRG och Arvika Kommun | Compass HRG\",\"isPartOf\":{\"@id\":\"https:\/\/www.compasshrg.com\/sv\/#website\"},\"primaryImageOfPage\":{\"@id\":\"https:\/\/www.compasshrg.com\/sv\/blog\/framgangsrikt-samarbete-mellan-compass-hrg-och-arvika-kommun\/#primaryimage\"},\"image\":{\"@id\":\"https:\/\/www.compasshrg.com\/sv\/blog\/framgangsrikt-samarbete-mellan-compass-hrg-och-arvika-kommun\/#primaryimage\"},\"thumbnailUrl\":\"https:\/\/www.compasshrg.com\/wp-content\/uploads\/2024\/10\/Herobild_1800x612_host3.jpg\",\"datePublished\":\"2024-10-08T11:29:58+00:00\",\"dateModified\":\"2024-10-08T11:36:12+00:00\",\"description\":\"CASE: En god kunskap och ber\u00e4ttelse om Arvika Kommun, som en attraktiv arbetsplats med fokus p\u00e5 hela livet, gjorde det m\u00f6jligt att attrahera nya och kvalificerade ledare till tv\u00e5 ledartj\u00e4nster i kommunen.\",\"breadcrumb\":{\"@id\":\"https:\/\/www.compasshrg.com\/sv\/blog\/framgangsrikt-samarbete-mellan-compass-hrg-och-arvika-kommun\/#breadcrumb\"},\"inLanguage\":\"sv-SE\",\"potentialAction\":[{\"@type\":\"ReadAction\",\"target\":[\"https:\/\/www.compasshrg.com\/sv\/blog\/framgangsrikt-samarbete-mellan-compass-hrg-och-arvika-kommun\/\"]}]},{\"@type\":\"ImageObject\",\"inLanguage\":\"sv-SE\",\"@id\":\"https:\/\/www.compasshrg.com\/sv\/blog\/framgangsrikt-samarbete-mellan-compass-hrg-och-arvika-kommun\/#primaryimage\",\"url\":\"https:\/\/www.compasshrg.com\/wp-content\/uploads\/2024\/10\/Herobild_1800x612_host3.jpg\",\"contentUrl\":\"https:\/\/www.compasshrg.com\/wp-content\/uploads\/2024\/10\/Herobild_1800x612_host3.jpg\",\"width\":1800,\"height\":612},{\"@type\":\"BreadcrumbList\",\"@id\":\"https:\/\/www.compasshrg.com\/sv\/blog\/framgangsrikt-samarbete-mellan-compass-hrg-och-arvika-kommun\/#breadcrumb\",\"itemListElement\":[{\"@type\":\"ListItem\",\"position\":1,\"name\":\"Compass HRG\",\"item\":\"https:\/\/www.compasshrg.com\/sv\/\"},{\"@type\":\"ListItem\",\"position\":2,\"name\":\"Ett rikst\u00e4ckande kandidatunderlag fr\u00e5n b\u00e5de den privata och offentliga sektorn var nyckeln i samarbetet mellan Compass HRG och Arvika Kommun i Sverige.\"}]},{\"@type\":\"WebSite\",\"@id\":\"https:\/\/www.compasshrg.com\/sv\/#website\",\"url\":\"https:\/\/www.compasshrg.com\/sv\/\",\"name\":\"Compass HRG\",\"description\":\"Your HR Service Partner\",\"publisher\":{\"@id\":\"https:\/\/www.compasshrg.com\/sv\/#organization\"},\"potentialAction\":[{\"@type\":\"SearchAction\",\"target\":{\"@type\":\"EntryPoint\",\"urlTemplate\":\"https:\/\/www.compasshrg.com\/sv\/?s={search_term_string}\"},\"query-input\":{\"@type\":\"PropertyValueSpecification\",\"valueRequired\":true,\"valueName\":\"search_term_string\"}}],\"inLanguage\":\"sv-SE\"},{\"@type\":\"Organization\",\"@id\":\"https:\/\/www.compasshrg.com\/sv\/#organization\",\"name\":\"Compass HRG\",\"url\":\"https:\/\/www.compasshrg.com\/sv\/\",\"logo\":{\"@type\":\"ImageObject\",\"inLanguage\":\"sv-SE\",\"@id\":\"https:\/\/www.compasshrg.com\/sv\/#\/schema\/logo\/image\/\",\"url\":\"\",\"contentUrl\":\"\",\"caption\":\"Compass HRG\"},\"image\":{\"@id\":\"https:\/\/www.compasshrg.com\/sv\/#\/schema\/logo\/image\/\"},\"sameAs\":[\"https:\/\/www.facebook.com\/compasshrgdk\"]},{\"@type\":\"Person\",\"@id\":\"https:\/\/www.compasshrg.com\/sv\/#\/schema\/person\/48e7d4f61190ab6deecab6cace8732ab\",\"name\":\"astrid.rorbye@compasshrg.com\",\"image\":{\"@type\":\"ImageObject\",\"inLanguage\":\"sv-SE\",\"@id\":\"https:\/\/www.compasshrg.com\/sv\/#\/schema\/person\/image\/\",\"url\":\"https:\/\/secure.gravatar.com\/avatar\/3948a8640ba2d7deb14c8031f503a7a07eedc743a55803e5670af1297d41a9c8?s=96&d=mm&r=g\",\"contentUrl\":\"https:\/\/secure.gravatar.com\/avatar\/3948a8640ba2d7deb14c8031f503a7a07eedc743a55803e5670af1297d41a9c8?s=96&d=mm&r=g\",\"caption\":\"astrid.rorbye@compasshrg.com\"}}]}<\/script>\n<!-- \/ Yoast SEO plugin. -->","yoast_head_json":{"title":"Framg\u00e5ngsrikt samarbete mellan Compass HRG och Arvika Kommun | Compass HRG","description":"CASE: En god kunskap och ber\u00e4ttelse om Arvika Kommun, som en attraktiv arbetsplats med fokus p\u00e5 hela livet, gjorde det m\u00f6jligt att attrahera nya och kvalificerade ledare till tv\u00e5 ledartj\u00e4nster i kommunen.","robots":{"index":"index","follow":"follow","max-snippet":"max-snippet:-1","max-image-preview":"max-image-preview:large","max-video-preview":"max-video-preview:-1"},"canonical":"https:\/\/www.compasshrg.com\/sv\/blog\/framgangsrikt-samarbete-mellan-compass-hrg-och-arvika-kommun\/","og_locale":"sv_SE","og_type":"article","og_title":"Framg\u00e5ngsrikt samarbete mellan Compass HRG och Arvika Kommun | Compass HRG","og_description":"CASE: En god kunskap och ber\u00e4ttelse om Arvika Kommun, som en attraktiv arbetsplats med fokus p\u00e5 hela livet, gjorde det m\u00f6jligt att attrahera nya och kvalificerade ledare till tv\u00e5 ledartj\u00e4nster i kommunen.","og_url":"https:\/\/www.compasshrg.com\/sv\/blog\/framgangsrikt-samarbete-mellan-compass-hrg-och-arvika-kommun\/","og_site_name":"Compass HRG","article_publisher":"https:\/\/www.facebook.com\/compasshrgdk","article_published_time":"2024-10-08T11:29:58+00:00","article_modified_time":"2024-10-08T11:36:12+00:00","og_image":[{"width":1800,"height":612,"url":"https:\/\/www.compasshrg.com\/wp-content\/uploads\/2024\/10\/Herobild_1800x612_host3.jpg","type":"image\/jpeg"}],"author":"astrid.rorbye@compasshrg.com","twitter_card":"summary_large_image","twitter_misc":{"Skriven av":"astrid.rorbye@compasshrg.com","Ber\u00e4knad l\u00e4stid":"4 minuter"},"schema":{"@context":"https:\/\/schema.org","@graph":[{"@type":"Article","@id":"https:\/\/www.compasshrg.com\/sv\/blog\/framgangsrikt-samarbete-mellan-compass-hrg-och-arvika-kommun\/#article","isPartOf":{"@id":"https:\/\/www.compasshrg.com\/sv\/blog\/framgangsrikt-samarbete-mellan-compass-hrg-och-arvika-kommun\/"},"author":{"name":"astrid.rorbye@compasshrg.com","@id":"https:\/\/www.compasshrg.com\/sv\/#\/schema\/person\/48e7d4f61190ab6deecab6cace8732ab"},"headline":"Ett rikst\u00e4ckande kandidatunderlag fr\u00e5n b\u00e5de den privata och offentliga sektorn var nyckeln i samarbetet mellan Compass HRG och Arvika Kommun i Sverige.","datePublished":"2024-10-08T11:29:58+00:00","dateModified":"2024-10-08T11:36:12+00:00","mainEntityOfPage":{"@id":"https:\/\/www.compasshrg.com\/sv\/blog\/framgangsrikt-samarbete-mellan-compass-hrg-och-arvika-kommun\/"},"wordCount":867,"publisher":{"@id":"https:\/\/www.compasshrg.com\/sv\/#organization"},"image":{"@id":"https:\/\/www.compasshrg.com\/sv\/blog\/framgangsrikt-samarbete-mellan-compass-hrg-och-arvika-kommun\/#primaryimage"},"thumbnailUrl":"https:\/\/www.compasshrg.com\/wp-content\/uploads\/2024\/10\/Herobild_1800x612_host3.jpg","articleSection":["Okategoriserad"],"inLanguage":"sv-SE"},{"@type":"WebPage","@id":"https:\/\/www.compasshrg.com\/sv\/blog\/framgangsrikt-samarbete-mellan-compass-hrg-och-arvika-kommun\/","url":"https:\/\/www.compasshrg.com\/sv\/blog\/framgangsrikt-samarbete-mellan-compass-hrg-och-arvika-kommun\/","name":"Framg\u00e5ngsrikt samarbete mellan Compass HRG och Arvika Kommun | Compass HRG","isPartOf":{"@id":"https:\/\/www.compasshrg.com\/sv\/#website"},"primaryImageOfPage":{"@id":"https:\/\/www.compasshrg.com\/sv\/blog\/framgangsrikt-samarbete-mellan-compass-hrg-och-arvika-kommun\/#primaryimage"},"image":{"@id":"https:\/\/www.compasshrg.com\/sv\/blog\/framgangsrikt-samarbete-mellan-compass-hrg-och-arvika-kommun\/#primaryimage"},"thumbnailUrl":"https:\/\/www.compasshrg.com\/wp-content\/uploads\/2024\/10\/Herobild_1800x612_host3.jpg","datePublished":"2024-10-08T11:29:58+00:00","dateModified":"2024-10-08T11:36:12+00:00","description":"CASE: En god kunskap och ber\u00e4ttelse om Arvika Kommun, som en attraktiv arbetsplats med fokus p\u00e5 hela livet, gjorde det m\u00f6jligt att attrahera nya och kvalificerade ledare till tv\u00e5 ledartj\u00e4nster i kommunen.","breadcrumb":{"@id":"https:\/\/www.compasshrg.com\/sv\/blog\/framgangsrikt-samarbete-mellan-compass-hrg-och-arvika-kommun\/#breadcrumb"},"inLanguage":"sv-SE","potentialAction":[{"@type":"ReadAction","target":["https:\/\/www.compasshrg.com\/sv\/blog\/framgangsrikt-samarbete-mellan-compass-hrg-och-arvika-kommun\/"]}]},{"@type":"ImageObject","inLanguage":"sv-SE","@id":"https:\/\/www.compasshrg.com\/sv\/blog\/framgangsrikt-samarbete-mellan-compass-hrg-och-arvika-kommun\/#primaryimage","url":"https:\/\/www.compasshrg.com\/wp-content\/uploads\/2024\/10\/Herobild_1800x612_host3.jpg","contentUrl":"https:\/\/www.compasshrg.com\/wp-content\/uploads\/2024\/10\/Herobild_1800x612_host3.jpg","width":1800,"height":612},{"@type":"BreadcrumbList","@id":"https:\/\/www.compasshrg.com\/sv\/blog\/framgangsrikt-samarbete-mellan-compass-hrg-och-arvika-kommun\/#breadcrumb","itemListElement":[{"@type":"ListItem","position":1,"name":"Compass HRG","item":"https:\/\/www.compasshrg.com\/sv\/"},{"@type":"ListItem","position":2,"name":"Ett rikst\u00e4ckande kandidatunderlag fr\u00e5n b\u00e5de den privata och offentliga sektorn var nyckeln i samarbetet mellan Compass HRG och Arvika Kommun i Sverige."}]},{"@type":"WebSite","@id":"https:\/\/www.compasshrg.com\/sv\/#website","url":"https:\/\/www.compasshrg.com\/sv\/","name":"Compass HRG","description":"Your HR Service Partner","publisher":{"@id":"https:\/\/www.compasshrg.com\/sv\/#organization"},"potentialAction":[{"@type":"SearchAction","target":{"@type":"EntryPoint","urlTemplate":"https:\/\/www.compasshrg.com\/sv\/?s={search_term_string}"},"query-input":{"@type":"PropertyValueSpecification","valueRequired":true,"valueName":"search_term_string"}}],"inLanguage":"sv-SE"},{"@type":"Organization","@id":"https:\/\/www.compasshrg.com\/sv\/#organization","name":"Compass HRG","url":"https:\/\/www.compasshrg.com\/sv\/","logo":{"@type":"ImageObject","inLanguage":"sv-SE","@id":"https:\/\/www.compasshrg.com\/sv\/#\/schema\/logo\/image\/","url":"","contentUrl":"","caption":"Compass HRG"},"image":{"@id":"https:\/\/www.compasshrg.com\/sv\/#\/schema\/logo\/image\/"},"sameAs":["https:\/\/www.facebook.com\/compasshrgdk"]},{"@type":"Person","@id":"https:\/\/www.compasshrg.com\/sv\/#\/schema\/person\/48e7d4f61190ab6deecab6cace8732ab","name":"astrid.rorbye@compasshrg.com","image":{"@type":"ImageObject","inLanguage":"sv-SE","@id":"https:\/\/www.compasshrg.com\/sv\/#\/schema\/person\/image\/","url":"https:\/\/secure.gravatar.com\/avatar\/3948a8640ba2d7deb14c8031f503a7a07eedc743a55803e5670af1297d41a9c8?s=96&d=mm&r=g","contentUrl":"https:\/\/secure.gravatar.com\/avatar\/3948a8640ba2d7deb14c8031f503a7a07eedc743a55803e5670af1297d41a9c8?s=96&d=mm&r=g","caption":"astrid.rorbye@compasshrg.com"}}]}},"_links":{"self":[{"href":"https:\/\/www.compasshrg.com\/sv\/wp-json\/wp\/v2\/posts\/272153","targetHints":{"allow":["GET"]}}],"collection":[{"href":"https:\/\/www.compasshrg.com\/sv\/wp-json\/wp\/v2\/posts"}],"about":[{"href":"https:\/\/www.compasshrg.com\/sv\/wp-json\/wp\/v2\/types\/post"}],"author":[{"embeddable":true,"href":"https:\/\/www.compasshrg.com\/sv\/wp-json\/wp\/v2\/users\/3"}],"replies":[{"embeddable":true,"href":"https:\/\/www.compasshrg.com\/sv\/wp-json\/wp\/v2\/comments?post=272153"}],"version-history":[{"count":2,"href":"https:\/\/www.compasshrg.com\/sv\/wp-json\/wp\/v2\/posts\/272153\/revisions"}],"predecessor-version":[{"id":272164,"href":"https:\/\/www.compasshrg.com\/sv\/wp-json\/wp\/v2\/posts\/272153\/revisions\/272164"}],"wp:featuredmedia":[{"embeddable":true,"href":"https:\/\/www.compasshrg.com\/sv\/wp-json\/wp\/v2\/media\/272155"}],"wp:attachment":[{"href":"https:\/\/www.compasshrg.com\/sv\/wp-json\/wp\/v2\/media?parent=272153"}],"wp:term":[{"taxonomy":"category","embeddable":true,"href":"https:\/\/www.compasshrg.com\/sv\/wp-json\/wp\/v2\/categories?post=272153"},{"taxonomy":"post_tag","embeddable":true,"href":"https:\/\/www.compasshrg.com\/sv\/wp-json\/wp\/v2\/tags?post=272153"}],"curies":[{"name":"wp","href":"https:\/\/api.w.org\/{rel}","templated":true}]}}